{"id":1014,"date":"2025-01-21T10:42:25","date_gmt":"2025-01-21T09:42:25","guid":{"rendered":"https:\/\/asscoupdepouce.com\/?p=1014"},"modified":"2025-01-21T10:44:30","modified_gmt":"2025-01-21T09:44:30","slug":"vacances-dhiver-2025-a-coup-de-pouce","status":"publish","type":"post","link":"https:\/\/asscoupdepouce.com\/index.php\/2025\/01\/21\/vacances-dhiver-2025-a-coup-de-pouce\/","title":{"rendered":"VACANCES D\u2019HIVER 2025 A COUP DE POUCE"},"content":{"rendered":"<section class=\"l-section wpb_row height_auto\"><div class=\"l-section-h i-cf\"><div class=\"g-cols vc_row via_flex valign_top type_default stacking_default\"><div class=\"vc_col-sm-12 wpb_column vc_column_container\"><div class=\"vc_column-inner\"><div class=\"wpb_wrapper\"><div class=\"wpb_text_column\"><div class=\"wpb_wrapper\"><h3 style=\"text-align: center;\"><strong>VACANCES D\u2019HIVER 2025 A COUP DE POUCE<\/strong><\/h3>\n<\/div><\/div><div class=\"g-cols wpb_row via_flex valign_top type_default stacking_default\"><div class=\"vc_col-sm-12 wpb_column vc_column_container\"><div class=\"vc_column-inner\"><div class=\"wpb_wrapper\"><div class=\"wpb_text_column\"><div class=\"wpb_wrapper\"><p>Pour bien d\u00e9buter cette nouvelle ann\u00e9e, l\u2019association Coup de Pouce a emmen\u00e9 les enfants inscrits \u00e0 l\u2019aide aux devoirs en sortie afin de les r\u00e9compenser pour leur travail scolaire<\/p>\n<\/div><\/div><\/div><\/div><\/div><\/div><div class=\"g-cols wpb_row via_flex valign_top type_boxes stacking_default\"><div class=\"vc_col-sm-12 wpb_column vc_column_container\"><div class=\"vc_column-inner\"><div class=\"wpb_wrapper\"><div class=\"wpb_text_column\"><div class=\"wpb_wrapper\"><h3 style=\"text-align: center;\"><em><span style=\"color: #008080;\"><strong>Jour 1: Sortie au Laser Jump !\u00a0<\/strong><\/span><\/em><\/h3>\n<\/div><\/div><div class=\"w-image align_center\"><div class=\"w-image-h\"><img decoding=\"async\" width=\"533\" height=\"400\" src=\"https:\/\/asscoupdepouce.com\/wp-content\/uploads\/2025\/01\/Laser-Game--533x400.jpg\" class=\"attachment-us_600_400 size-us_600_400\" alt=\"\" loading=\"lazy\" srcset=\"https:\/\/asscoupdepouce.com\/wp-content\/uploads\/2025\/01\/Laser-Game--533x400.jpg 533w, https:\/\/asscoupdepouce.com\/wp-content\/uploads\/2025\/01\/Laser-Game--300x225.jpg 300w, https:\/\/asscoupdepouce.com\/wp-content\/uploads\/2025\/01\/Laser-Game--1024x768.jpg 1024w, https:\/\/asscoupdepouce.com\/wp-content\/uploads\/2025\/01\/Laser-Game--500x375.jpg 500w, https:\/\/asscoupdepouce.com\/wp-content\/uploads\/2025\/01\/Laser-Game--400x300.jpg 400w, https:\/\/asscoupdepouce.com\/wp-content\/uploads\/2025\/01\/Laser-Game-.jpg 1600w\" sizes=\"auto, (max-width: 533px) 100vw, 533px\" \/><\/div><\/div><\/div><\/div><\/div><\/div><div class=\"wpb_text_column\"><div class=\"wpb_wrapper\"><p>Le jeudi 2 janvier petits et grands ont v\u00e9cu une journ\u00e9e inoubliable au Laser Game. R\u00e9partis en trois \u00e9quipes, ils ont jou\u00e9 deux parties strat\u00e9giques dans des d\u00e9cors vari\u00e9s, favorisant coop\u00e9ration et amusement pour tous !<\/p>\n<\/div><\/div><\/div><\/div><\/div><div class=\"vc_col-sm-12 wpb_column vc_column_container\"><div class=\"vc_column-inner\"><div class=\"wpb_wrapper\"><\/div><\/div><\/div><\/div><\/div><\/section><section class=\"l-section wpb_row height_small full_height valign_center\"><div class=\"l-section-h i-cf\"><div class=\"g-cols vc_row via_flex valign_top type_default stacking_default\"><div class=\"vc_col-sm-12 wpb_column vc_column_container\"><div class=\"vc_column-inner\"><div class=\"wpb_wrapper\"><div class=\"g-cols wpb_row via_flex valign_top type_default stacking_default\"><div class=\"vc_col-sm-12 wpb_column vc_column_container\"><div class=\"vc_column-inner\"><div class=\"wpb_wrapper\"><div class=\"wpb_text_column\"><div class=\"wpb_wrapper\"><h3 style=\"text-align: center;\"><em><span style=\"color: #008080;\"><strong>Jour 2: Sortie au Bowling !<\/strong><\/span><\/em><\/h3>\n<\/div><\/div><\/div><\/div><\/div><\/div><div class=\"w-separator size_medium\"><\/div><div class=\"g-cols wpb_row via_flex valign_top type_default stacking_default\"><div class=\"vc_col-sm-12 wpb_column vc_column_container\"><div class=\"vc_column-inner\"><div class=\"wpb_wrapper\"><div class=\"w-image align_center\"><div class=\"w-image-h\"><img decoding=\"async\" width=\"533\" height=\"400\" src=\"https:\/\/asscoupdepouce.com\/wp-content\/uploads\/2025\/01\/Bowliing-533x400.jpg\" class=\"attachment-us_600_400 size-us_600_400\" alt=\"\" loading=\"lazy\" srcset=\"https:\/\/asscoupdepouce.com\/wp-content\/uploads\/2025\/01\/Bowliing-533x400.jpg 533w, https:\/\/asscoupdepouce.com\/wp-content\/uploads\/2025\/01\/Bowliing-300x225.jpg 300w, https:\/\/asscoupdepouce.com\/wp-content\/uploads\/2025\/01\/Bowliing-1024x768.jpg 1024w, https:\/\/asscoupdepouce.com\/wp-content\/uploads\/2025\/01\/Bowliing-500x375.jpg 500w, https:\/\/asscoupdepouce.com\/wp-content\/uploads\/2025\/01\/Bowliing-400x300.jpg 400w, https:\/\/asscoupdepouce.com\/wp-content\/uploads\/2025\/01\/Bowliing.jpg 1600w\" sizes=\"auto, (max-width: 533px) 100vw, 533px\" \/><\/div><\/div><\/div><\/div><\/div><\/div><div class=\"w-separator size_medium\"><\/div><div class=\"g-cols wpb_row via_flex valign_top type_default stacking_default\"><div class=\"vc_col-sm-12 wpb_column vc_column_container\"><div class=\"vc_column-inner\"><div class=\"wpb_wrapper\"><div class=\"wpb_text_column\"><div class=\"wpb_wrapper\"><p>Ce vendredi 3 janvier, l&rsquo;association Coup de Pouce a organis\u00e9 une sortie au bowling, offrant un moment de convivialit\u00e9 et de partage. Pour certains participants, il s&rsquo;agissait d&rsquo;une premi\u00e8re exp\u00e9rience, mais \u00e9galement d&rsquo;une belle opportunit\u00e9 pour r\u00e9v\u00e9ler un talent insoup\u00e7onn\u00e9<\/p>\n<\/div><\/div><\/div><\/div><\/div><\/div><\/div><\/div><\/div><div class=\"vc_col-sm-12 wpb_column vc_column_container\"><div class=\"vc_column-inner\"><div class=\"wpb_wrapper\"><\/div><\/div><\/div><\/div><\/div><\/section><section class=\"l-section wpb_row height_small full_height valign_center\"><div class=\"l-section-h i-cf\"><div class=\"g-cols vc_row via_flex valign_top type_default stacking_default\"><div class=\"vc_col-sm-12 wpb_column vc_column_container\"><div class=\"vc_column-inner\"><div class=\"wpb_wrapper\"><div class=\"wpb_text_column\"><div class=\"wpb_wrapper\"><h3 style=\"text-align: center;\"><strong><span style=\"color: #008080;\"><em>Jour 3 : Cin\u00e9ma CGR Val Arena<\/em>\u00a0<\/span><\/strong><\/h3>\n<\/div><\/div><div class=\"w-separator size_medium\"><\/div><div class=\"g-cols wpb_row via_flex valign_top type_default stacking_default\"><div class=\"vc_col-sm-12 wpb_column vc_column_container\"><div class=\"vc_column-inner\"><div class=\"wpb_wrapper\"><div class=\"wpb_text_column\"><div class=\"wpb_wrapper\"><p>Pour finir, le samedi 4 nous sommes all\u00e9s au cin\u00e9ma CGR Val Arena. Au moment de chosir le film, 2 rangs se sont form\u00e9s\u00a0:<\/p>\n<\/div><\/div><\/div><\/div><\/div><\/div><div class=\"w-separator size_medium\"><\/div><div class=\"g-cols wpb_row via_flex valign_top type_default stacking_default\"><div class=\"vc_col-sm-6 wpb_column vc_column_container\"><div class=\"vc_column-inner\"><div class=\"wpb_wrapper\"><div class=\"w-image align_center\"><div class=\"w-image-h\"><img decoding=\"async\" width=\"201\" height=\"251\" src=\"https:\/\/asscoupdepouce.com\/wp-content\/uploads\/2025\/01\/Sonic-3.jpeg\" class=\"attachment-large size-large\" alt=\"\" loading=\"lazy\" \/><\/div><\/div><\/div><\/div><\/div><div class=\"vc_col-sm-6 wpb_column vc_column_container\"><div class=\"vc_column-inner\"><div class=\"wpb_wrapper\"><div class=\"wpb_text_column\"><div class=\"wpb_wrapper\"><p>Certains sont all\u00e9s voir \u00ab\u00a0Sonic 3, le film\u00a0\u00bb (2024), o\u00f9 \u00a0Sonic, Tails et Knuckles affrontent un nouvel adversaire puissant, Shadow, un h\u00e9risson myst\u00e9rieux aux pouvoirs in\u00e9dits, tout en faisant face aux machinations du Dr. Robotnik et de son grand-p\u00e8re, le professeur Gerald Robotnik.<\/p>\n<\/div><\/div><\/div><\/div><\/div><\/div><div class=\"g-cols wpb_row via_flex valign_top type_default stacking_default\"><div class=\"vc_col-sm-6 wpb_column vc_column_container\"><div class=\"vc_column-inner\"><div class=\"wpb_wrapper\"><\/div><\/div><\/div><div class=\"vc_col-sm-6 wpb_column vc_column_container\"><div class=\"vc_column-inner\"><div class=\"wpb_wrapper\"><\/div><\/div><\/div><div class=\"vc_col-sm-6 wpb_column vc_column_container\"><div class=\"vc_column-inner\"><div class=\"wpb_wrapper\"><\/div><\/div><\/div><div class=\"vc_col-sm-6 wpb_column vc_column_container\"><div class=\"vc_column-inner\"><div class=\"wpb_wrapper\"><\/div><\/div><\/div><\/div><div class=\"g-cols wpb_row via_flex valign_top type_default stacking_default\"><div class=\"vc_col-sm-12 wpb_column vc_column_container\"><div class=\"vc_column-inner\"><div class=\"wpb_wrapper\"><\/div><\/div><\/div><div class=\"vc_col-sm-6 wpb_column vc_column_container\"><div class=\"vc_column-inner\"><div class=\"wpb_wrapper\"><div class=\"w-image align_center\"><div class=\"w-image-h\"><img decoding=\"async\" width=\"188\" height=\"268\" src=\"https:\/\/asscoupdepouce.com\/wp-content\/uploads\/2025\/01\/Vaina-2.jpeg\" class=\"attachment-large size-large\" alt=\"\" loading=\"lazy\" \/><\/div><\/div><\/div><\/div><\/div><div class=\"vc_col-sm-6 wpb_column vc_column_container\"><div class=\"vc_column-inner\"><div class=\"wpb_wrapper\"><div class=\"wpb_text_column\"><div class=\"wpb_wrapper\"><p>Les autres ont pr\u00e9f\u00e9r\u00e9 opter pour \u00a0\u00ab\u00a0Vaiana 2\u00a0\u00bb (2024), \u00a0trois ans apr\u00e8s ses premi\u00e8res aventures, Vaiana re\u00e7oit un appel inattendu de ses anc\u00eatres navigateurs et entreprend un p\u00e9riple vers des eaux inexplor\u00e9es,\u00a0 pour lever une ancienne mal\u00e9diction et reconnecter les peuples de l&rsquo;oc\u00e9an<\/p>\n<\/div><\/div><\/div><\/div><\/div><div class=\"vc_col-sm-12 wpb_column vc_column_container\"><div class=\"vc_column-inner\"><div class=\"wpb_wrapper\"><\/div><\/div><\/div><div class=\"vc_col-sm-12 wpb_column vc_column_container\"><div class=\"vc_column-inner\"><div class=\"wpb_wrapper\"><\/div><\/div><\/div><\/div><\/div><\/div><\/div><div class=\"vc_col-sm-12 wpb_column vc_column_container\"><div class=\"vc_column-inner\"><div class=\"wpb_wrapper\"><div class=\"w-separator size_medium\"><\/div><\/div><\/div><\/div><div class=\"vc_col-sm-12 wpb_column vc_column_container\"><div class=\"vc_column-inner\"><div class=\"wpb_wrapper\"><\/div><\/div><\/div><div class=\"vc_col-sm-12 wpb_column vc_column_container\"><div class=\"vc_column-inner\"><div class=\"wpb_wrapper\"><\/div><\/div><\/div><\/div><\/div><\/section>\n","protected":false},"excerpt":{"rendered":"VACANCES D\u2019HIVER 2025 A COUP DE POUCE Pour bien d\u00e9buter cette nouvelle ann\u00e9e, l\u2019association Coup de Pouce a emmen\u00e9 les enfants inscrits \u00e0 l\u2019aide aux devoirs en sortie afin de les r\u00e9compenser pour leur travail scolaire Jour 1: Sortie au Laser Jump !\u00a0 Le jeudi 2 janvier petits et grands ont v\u00e9cu une journ\u00e9e inoubliable...","protected":false},"author":1,"featured_media":996,"comment_status":"closed","ping_status":"closed","sticky":false,"template":"","format":"standard","meta":{"footnotes":""},"categories":[129],"tags":[],"class_list":["post-1014","post","type-post","status-publish","format-standard","has-post-thumbnail","hentry","category-evenements"],"yoast_head":"<!-- This site is optimized with the Yoast SEO plugin v27.2 - https:\/\/yoast.com\/product\/yoast-seo-wordpress\/ -->\n<title>VACANCES D\u2019HIVER 2025 A COUP DE POUCE - Coup de Pouce<\/title>\n<meta name=\"robots\" content=\"index, follow, max-snippet:-1, max-image-preview:large, max-video-preview:-1\" \/>\n<link rel=\"canonical\" href=\"https:\/\/asscoupdepouce.com\/index.php\/2025\/01\/21\/vacances-dhiver-2025-a-coup-de-pouce\/\" \/>\n<meta property=\"og:locale\" content=\"fr_FR\" \/>\n<meta property=\"og:type\" content=\"article\" \/>\n<meta property=\"og:title\" content=\"VACANCES D\u2019HIVER 2025 A COUP DE POUCE - Coup de Pouce\" \/>\n<meta property=\"og:url\" content=\"https:\/\/asscoupdepouce.com\/index.php\/2025\/01\/21\/vacances-dhiver-2025-a-coup-de-pouce\/\" \/>\n<meta property=\"og:site_name\" content=\"Coup de Pouce\" \/>\n<meta property=\"article:publisher\" content=\"https:\/\/fr-fr.facebook.com\/Association-Coup-de-Pouce-816767501818619\/\" \/>\n<meta property=\"article:published_time\" content=\"2025-01-21T09:42:25+00:00\" \/>\n<meta property=\"article:modified_time\" content=\"2025-01-21T09:44:30+00:00\" \/>\n<meta property=\"og:image\" content=\"https:\/\/asscoupdepouce.com\/wp-content\/uploads\/2025\/01\/Bowliing.jpg\" \/>\n\t<meta property=\"og:image:width\" content=\"1600\" \/>\n\t<meta property=\"og:image:height\" content=\"1200\" \/>\n\t<meta property=\"og:image:type\" content=\"image\/jpeg\" \/>\n<meta name=\"author\" content=\"asscoupdepouce\" \/>\n<meta name=\"twitter:card\" content=\"summary_large_image\" \/>\n<meta name=\"twitter:label1\" content=\"\u00c9crit par\" \/>\n\t<meta name=\"twitter:data1\" content=\"asscoupdepouce\" \/>\n\t<meta name=\"twitter:label2\" content=\"Dur\u00e9e de lecture estim\u00e9e\" \/>\n\t<meta name=\"twitter:data2\" content=\"2 minutes\" \/>\n<script type=\"application\/ld+json\" class=\"yoast-schema-graph\">{\"@context\":\"https:\/\/schema.org\",\"@graph\":[{\"@type\":\"Article\",\"@id\":\"https:\/\/asscoupdepouce.com\/index.php\/2025\/01\/21\/vacances-dhiver-2025-a-coup-de-pouce\/#article\",\"isPartOf\":{\"@id\":\"https:\/\/asscoupdepouce.com\/index.php\/2025\/01\/21\/vacances-dhiver-2025-a-coup-de-pouce\/\"},\"author\":{\"name\":\"asscoupdepouce\",\"@id\":\"https:\/\/asscoupdepouce.com\/#\/schema\/person\/50f5e6107202888c4540acf69babb08e\"},\"headline\":\"VACANCES D\u2019HIVER 2025 A COUP DE POUCE\",\"datePublished\":\"2025-01-21T09:42:25+00:00\",\"dateModified\":\"2025-01-21T09:44:30+00:00\",\"mainEntityOfPage\":{\"@id\":\"https:\/\/asscoupdepouce.com\/index.php\/2025\/01\/21\/vacances-dhiver-2025-a-coup-de-pouce\/\"},\"wordCount\":607,\"publisher\":{\"@id\":\"https:\/\/asscoupdepouce.com\/#organization\"},\"image\":{\"@id\":\"https:\/\/asscoupdepouce.com\/index.php\/2025\/01\/21\/vacances-dhiver-2025-a-coup-de-pouce\/#primaryimage\"},\"thumbnailUrl\":\"https:\/\/asscoupdepouce.com\/wp-content\/uploads\/2025\/01\/Bowliing.jpg\",\"articleSection\":[\"\u00c9v\u00e9nements\"],\"inLanguage\":\"fr-FR\"},{\"@type\":\"WebPage\",\"@id\":\"https:\/\/asscoupdepouce.com\/index.php\/2025\/01\/21\/vacances-dhiver-2025-a-coup-de-pouce\/\",\"url\":\"https:\/\/asscoupdepouce.com\/index.php\/2025\/01\/21\/vacances-dhiver-2025-a-coup-de-pouce\/\",\"name\":\"VACANCES D\u2019HIVER 2025 A COUP DE POUCE - Coup de Pouce\",\"isPartOf\":{\"@id\":\"https:\/\/asscoupdepouce.com\/#website\"},\"primaryImageOfPage\":{\"@id\":\"https:\/\/asscoupdepouce.com\/index.php\/2025\/01\/21\/vacances-dhiver-2025-a-coup-de-pouce\/#primaryimage\"},\"image\":{\"@id\":\"https:\/\/asscoupdepouce.com\/index.php\/2025\/01\/21\/vacances-dhiver-2025-a-coup-de-pouce\/#primaryimage\"},\"thumbnailUrl\":\"https:\/\/asscoupdepouce.com\/wp-content\/uploads\/2025\/01\/Bowliing.jpg\",\"datePublished\":\"2025-01-21T09:42:25+00:00\",\"dateModified\":\"2025-01-21T09:44:30+00:00\",\"breadcrumb\":{\"@id\":\"https:\/\/asscoupdepouce.com\/index.php\/2025\/01\/21\/vacances-dhiver-2025-a-coup-de-pouce\/#breadcrumb\"},\"inLanguage\":\"fr-FR\",\"potentialAction\":[{\"@type\":\"ReadAction\",\"target\":[\"https:\/\/asscoupdepouce.com\/index.php\/2025\/01\/21\/vacances-dhiver-2025-a-coup-de-pouce\/\"]}]},{\"@type\":\"ImageObject\",\"inLanguage\":\"fr-FR\",\"@id\":\"https:\/\/asscoupdepouce.com\/index.php\/2025\/01\/21\/vacances-dhiver-2025-a-coup-de-pouce\/#primaryimage\",\"url\":\"https:\/\/asscoupdepouce.com\/wp-content\/uploads\/2025\/01\/Bowliing.jpg\",\"contentUrl\":\"https:\/\/asscoupdepouce.com\/wp-content\/uploads\/2025\/01\/Bowliing.jpg\",\"width\":1600,\"height\":1200},{\"@type\":\"BreadcrumbList\",\"@id\":\"https:\/\/asscoupdepouce.com\/index.php\/2025\/01\/21\/vacances-dhiver-2025-a-coup-de-pouce\/#breadcrumb\",\"itemListElement\":[{\"@type\":\"ListItem\",\"position\":1,\"name\":\"Accueil\",\"item\":\"https:\/\/asscoupdepouce.com\/\"},{\"@type\":\"ListItem\",\"position\":2,\"name\":\"VACANCES D\u2019HIVER 2025 A COUP DE POUCE\"}]},{\"@type\":\"WebSite\",\"@id\":\"https:\/\/asscoupdepouce.com\/#website\",\"url\":\"https:\/\/asscoupdepouce.com\/\",\"name\":\"Association Coup de Pouce\",\"description\":\"L&#039;esprit de la r\u00e9ussite\",\"publisher\":{\"@id\":\"https:\/\/asscoupdepouce.com\/#organization\"},\"potentialAction\":[{\"@type\":\"SearchAction\",\"target\":{\"@type\":\"EntryPoint\",\"urlTemplate\":\"https:\/\/asscoupdepouce.com\/?s={search_term_string}\"},\"query-input\":{\"@type\":\"PropertyValueSpecification\",\"valueRequired\":true,\"valueName\":\"search_term_string\"}}],\"inLanguage\":\"fr-FR\"},{\"@type\":\"Organization\",\"@id\":\"https:\/\/asscoupdepouce.com\/#organization\",\"name\":\"Association Coup de Pouce\",\"url\":\"https:\/\/asscoupdepouce.com\/\",\"logo\":{\"@type\":\"ImageObject\",\"inLanguage\":\"fr-FR\",\"@id\":\"https:\/\/asscoupdepouce.com\/#\/schema\/logo\/image\/\",\"url\":\"https:\/\/asscoupdepouce.com\/wp-content\/uploads\/2021\/03\/Coup-de-pouce-logo-SITE.png\",\"contentUrl\":\"https:\/\/asscoupdepouce.com\/wp-content\/uploads\/2021\/03\/Coup-de-pouce-logo-SITE.png\",\"width\":2200,\"height\":864,\"caption\":\"Association Coup de Pouce\"},\"image\":{\"@id\":\"https:\/\/asscoupdepouce.com\/#\/schema\/logo\/image\/\"},\"sameAs\":[\"https:\/\/fr-fr.facebook.com\/Association-Coup-de-Pouce-816767501818619\/\"]},{\"@type\":\"Person\",\"@id\":\"https:\/\/asscoupdepouce.com\/#\/schema\/person\/50f5e6107202888c4540acf69babb08e\",\"name\":\"asscoupdepouce\",\"image\":{\"@type\":\"ImageObject\",\"inLanguage\":\"fr-FR\",\"@id\":\"https:\/\/secure.gravatar.com\/avatar\/bbcb968c18fce19c3905d5b2d8db351cb8cfbb4960e92a4dd9a6e203be97fde1?s=96&d=mm&r=g\",\"url\":\"https:\/\/secure.gravatar.com\/avatar\/bbcb968c18fce19c3905d5b2d8db351cb8cfbb4960e92a4dd9a6e203be97fde1?s=96&d=mm&r=g\",\"contentUrl\":\"https:\/\/secure.gravatar.com\/avatar\/bbcb968c18fce19c3905d5b2d8db351cb8cfbb4960e92a4dd9a6e203be97fde1?s=96&d=mm&r=g\",\"caption\":\"asscoupdepouce\"},\"sameAs\":[\"https:\/\/asscoupdepouce.com\"]}]}<\/script>\n<!-- \/ Yoast SEO plugin. -->","yoast_head_json":{"title":"VACANCES D\u2019HIVER 2025 A COUP DE POUCE - Coup de Pouce","robots":{"index":"index","follow":"follow","max-snippet":"max-snippet:-1","max-image-preview":"max-image-preview:large","max-video-preview":"max-video-preview:-1"},"canonical":"https:\/\/asscoupdepouce.com\/index.php\/2025\/01\/21\/vacances-dhiver-2025-a-coup-de-pouce\/","og_locale":"fr_FR","og_type":"article","og_title":"VACANCES D\u2019HIVER 2025 A COUP DE POUCE - Coup de Pouce","og_url":"https:\/\/asscoupdepouce.com\/index.php\/2025\/01\/21\/vacances-dhiver-2025-a-coup-de-pouce\/","og_site_name":"Coup de Pouce","article_publisher":"https:\/\/fr-fr.facebook.com\/Association-Coup-de-Pouce-816767501818619\/","article_published_time":"2025-01-21T09:42:25+00:00","article_modified_time":"2025-01-21T09:44:30+00:00","og_image":[{"width":1600,"height":1200,"url":"https:\/\/asscoupdepouce.com\/wp-content\/uploads\/2025\/01\/Bowliing.jpg","type":"image\/jpeg"}],"author":"asscoupdepouce","twitter_card":"summary_large_image","twitter_misc":{"\u00c9crit par":"asscoupdepouce","Dur\u00e9e de lecture estim\u00e9e":"2 minutes"},"schema":{"@context":"https:\/\/schema.org","@graph":[{"@type":"Article","@id":"https:\/\/asscoupdepouce.com\/index.php\/2025\/01\/21\/vacances-dhiver-2025-a-coup-de-pouce\/#article","isPartOf":{"@id":"https:\/\/asscoupdepouce.com\/index.php\/2025\/01\/21\/vacances-dhiver-2025-a-coup-de-pouce\/"},"author":{"name":"asscoupdepouce","@id":"https:\/\/asscoupdepouce.com\/#\/schema\/person\/50f5e6107202888c4540acf69babb08e"},"headline":"VACANCES D\u2019HIVER 2025 A COUP DE POUCE","datePublished":"2025-01-21T09:42:25+00:00","dateModified":"2025-01-21T09:44:30+00:00","mainEntityOfPage":{"@id":"https:\/\/asscoupdepouce.com\/index.php\/2025\/01\/21\/vacances-dhiver-2025-a-coup-de-pouce\/"},"wordCount":607,"publisher":{"@id":"https:\/\/asscoupdepouce.com\/#organization"},"image":{"@id":"https:\/\/asscoupdepouce.com\/index.php\/2025\/01\/21\/vacances-dhiver-2025-a-coup-de-pouce\/#primaryimage"},"thumbnailUrl":"https:\/\/asscoupdepouce.com\/wp-content\/uploads\/2025\/01\/Bowliing.jpg","articleSection":["\u00c9v\u00e9nements"],"inLanguage":"fr-FR"},{"@type":"WebPage","@id":"https:\/\/asscoupdepouce.com\/index.php\/2025\/01\/21\/vacances-dhiver-2025-a-coup-de-pouce\/","url":"https:\/\/asscoupdepouce.com\/index.php\/2025\/01\/21\/vacances-dhiver-2025-a-coup-de-pouce\/","name":"VACANCES D\u2019HIVER 2025 A COUP DE POUCE - Coup de Pouce","isPartOf":{"@id":"https:\/\/asscoupdepouce.com\/#website"},"primaryImageOfPage":{"@id":"https:\/\/asscoupdepouce.com\/index.php\/2025\/01\/21\/vacances-dhiver-2025-a-coup-de-pouce\/#primaryimage"},"image":{"@id":"https:\/\/asscoupdepouce.com\/index.php\/2025\/01\/21\/vacances-dhiver-2025-a-coup-de-pouce\/#primaryimage"},"thumbnailUrl":"https:\/\/asscoupdepouce.com\/wp-content\/uploads\/2025\/01\/Bowliing.jpg","datePublished":"2025-01-21T09:42:25+00:00","dateModified":"2025-01-21T09:44:30+00:00","breadcrumb":{"@id":"https:\/\/asscoupdepouce.com\/index.php\/2025\/01\/21\/vacances-dhiver-2025-a-coup-de-pouce\/#breadcrumb"},"inLanguage":"fr-FR","potentialAction":[{"@type":"ReadAction","target":["https:\/\/asscoupdepouce.com\/index.php\/2025\/01\/21\/vacances-dhiver-2025-a-coup-de-pouce\/"]}]},{"@type":"ImageObject","inLanguage":"fr-FR","@id":"https:\/\/asscoupdepouce.com\/index.php\/2025\/01\/21\/vacances-dhiver-2025-a-coup-de-pouce\/#primaryimage","url":"https:\/\/asscoupdepouce.com\/wp-content\/uploads\/2025\/01\/Bowliing.jpg","contentUrl":"https:\/\/asscoupdepouce.com\/wp-content\/uploads\/2025\/01\/Bowliing.jpg","width":1600,"height":1200},{"@type":"BreadcrumbList","@id":"https:\/\/asscoupdepouce.com\/index.php\/2025\/01\/21\/vacances-dhiver-2025-a-coup-de-pouce\/#breadcrumb","itemListElement":[{"@type":"ListItem","position":1,"name":"Accueil","item":"https:\/\/asscoupdepouce.com\/"},{"@type":"ListItem","position":2,"name":"VACANCES D\u2019HIVER 2025 A COUP DE POUCE"}]},{"@type":"WebSite","@id":"https:\/\/asscoupdepouce.com\/#website","url":"https:\/\/asscoupdepouce.com\/","name":"Association Coup de Pouce","description":"L&#039;esprit de la r\u00e9ussite","publisher":{"@id":"https:\/\/asscoupdepouce.com\/#organization"},"potentialAction":[{"@type":"SearchAction","target":{"@type":"EntryPoint","urlTemplate":"https:\/\/asscoupdepouce.com\/?s={search_term_string}"},"query-input":{"@type":"PropertyValueSpecification","valueRequired":true,"valueName":"search_term_string"}}],"inLanguage":"fr-FR"},{"@type":"Organization","@id":"https:\/\/asscoupdepouce.com\/#organization","name":"Association Coup de Pouce","url":"https:\/\/asscoupdepouce.com\/","logo":{"@type":"ImageObject","inLanguage":"fr-FR","@id":"https:\/\/asscoupdepouce.com\/#\/schema\/logo\/image\/","url":"https:\/\/asscoupdepouce.com\/wp-content\/uploads\/2021\/03\/Coup-de-pouce-logo-SITE.png","contentUrl":"https:\/\/asscoupdepouce.com\/wp-content\/uploads\/2021\/03\/Coup-de-pouce-logo-SITE.png","width":2200,"height":864,"caption":"Association Coup de Pouce"},"image":{"@id":"https:\/\/asscoupdepouce.com\/#\/schema\/logo\/image\/"},"sameAs":["https:\/\/fr-fr.facebook.com\/Association-Coup-de-Pouce-816767501818619\/"]},{"@type":"Person","@id":"https:\/\/asscoupdepouce.com\/#\/schema\/person\/50f5e6107202888c4540acf69babb08e","name":"asscoupdepouce","image":{"@type":"ImageObject","inLanguage":"fr-FR","@id":"https:\/\/secure.gravatar.com\/avatar\/bbcb968c18fce19c3905d5b2d8db351cb8cfbb4960e92a4dd9a6e203be97fde1?s=96&d=mm&r=g","url":"https:\/\/secure.gravatar.com\/avatar\/bbcb968c18fce19c3905d5b2d8db351cb8cfbb4960e92a4dd9a6e203be97fde1?s=96&d=mm&r=g","contentUrl":"https:\/\/secure.gravatar.com\/avatar\/bbcb968c18fce19c3905d5b2d8db351cb8cfbb4960e92a4dd9a6e203be97fde1?s=96&d=mm&r=g","caption":"asscoupdepouce"},"sameAs":["https:\/\/asscoupdepouce.com"]}]}},"_links":{"self":[{"href":"https:\/\/asscoupdepouce.com\/index.php\/wp-json\/wp\/v2\/posts\/1014","targetHints":{"allow":["GET"]}}],"collection":[{"href":"https:\/\/asscoupdepouce.com\/index.php\/wp-json\/wp\/v2\/posts"}],"about":[{"href":"https:\/\/asscoupdepouce.com\/index.php\/wp-json\/wp\/v2\/types\/post"}],"author":[{"embeddable":true,"href":"https:\/\/asscoupdepouce.com\/index.php\/wp-json\/wp\/v2\/users\/1"}],"replies":[{"embeddable":true,"href":"https:\/\/asscoupdepouce.com\/index.php\/wp-json\/wp\/v2\/comments?post=1014"}],"version-history":[{"count":3,"href":"https:\/\/asscoupdepouce.com\/index.php\/wp-json\/wp\/v2\/posts\/1014\/revisions"}],"predecessor-version":[{"id":1022,"href":"https:\/\/asscoupdepouce.com\/index.php\/wp-json\/wp\/v2\/posts\/1014\/revisions\/1022"}],"wp:featuredmedia":[{"embeddable":true,"href":"https:\/\/asscoupdepouce.com\/index.php\/wp-json\/wp\/v2\/media\/996"}],"wp:attachment":[{"href":"https:\/\/asscoupdepouce.com\/index.php\/wp-json\/wp\/v2\/media?parent=1014"}],"wp:term":[{"taxonomy":"category","embeddable":true,"href":"https:\/\/asscoupdepouce.com\/index.php\/wp-json\/wp\/v2\/categories?post=1014"},{"taxonomy":"post_tag","embeddable":true,"href":"https:\/\/asscoupdepouce.com\/index.php\/wp-json\/wp\/v2\/tags?post=1014"}],"curies":[{"name":"wp","href":"https:\/\/api.w.org\/{rel}","templated":true}]}}