{"id":205,"date":"2021-03-23T16:40:21","date_gmt":"2021-03-23T15:40:21","guid":{"rendered":"https:\/\/asscoupdepouce.com\/?p=205"},"modified":"2024-09-24T14:49:26","modified_gmt":"2024-09-24T12:49:26","slug":"demos","status":"publish","type":"post","link":"https:\/\/asscoupdepouce.com\/index.php\/2021\/03\/23\/demos\/","title":{"rendered":"DEMOS"},"content":{"rendered":"<p><span style=\"color: #ff0000;\"><strong>22\/01\/2023<\/strong><\/span><\/p>\n<p><span style=\"color: #000000;\">Pour voir nos petits prodiges dans l&rsquo;Orchestre D\u00e9mos franco-allemand au concert r\u00e9alis\u00e9 \u00e0 l&rsquo;occasion des 60 ans du trait\u00e9 de l&rsquo;Elys\u00e9e, Cliquez <a href=\"https:\/\/www.arte.tv\/fr\/videos\/113195-001-A\/60-ans-du-traite-de-l-elysee\/\">ici<\/a> \u00a0!!!\u00a0<\/span><\/p>\n<p>D\u00e9mos est un projet con\u00e7u et pilot\u00e9 depuis 2010 par la <a href=\"https:\/\/decouvrir.philharmoniedeparis.fr\/fr\/cite-de-la-musique#\" target=\"_blank\" rel=\"noreferrer noopener\">Cit\u00e9 de la musique \u2013 Philharmonie de Paris<\/a>. Il a vu le jour sur le territoire Clermontois en septembre 2017. Le portage social est r\u00e9alis\u00e9 par la Ville de Clermont-Ferrand et sept associations de quartiers dont Coup de Pouce.<\/p>\n<p><img loading=\"lazy\" decoding=\"async\" class=\"alignnone wp-image-73 size-full\" src=\"https:\/\/asscoupdepouce.com\/wp-content\/uploads\/2021\/03\/Projet-DEMOS.jpg\" alt=\"DEMOS dispositif d'education musicale et orchestrale \u00e0 vocation sociale r\u00e9p\u00e9tition des enfants\" width=\"1024\" height=\"768\" srcset=\"https:\/\/asscoupdepouce.com\/wp-content\/uploads\/2021\/03\/Projet-DEMOS.jpg 1024w, https:\/\/asscoupdepouce.com\/wp-content\/uploads\/2021\/03\/Projet-DEMOS-300x225.jpg 300w, https:\/\/asscoupdepouce.com\/wp-content\/uploads\/2021\/03\/Projet-DEMOS-533x400.jpg 533w, https:\/\/asscoupdepouce.com\/wp-content\/uploads\/2021\/03\/Projet-DEMOS-500x375.jpg 500w, https:\/\/asscoupdepouce.com\/wp-content\/uploads\/2021\/03\/Projet-DEMOS-400x300.jpg 400w\" sizes=\"auto, (max-width: 1024px) 100vw, 1024px\" \/><\/p>\n<p>Ayant pour ambition la d\u00e9mocratisation culturelle, <strong>le dispositif poursuit une vocation tant sociale qu\u2019artistique \u00e0 travers l\u2019apprentissage collectif de la musique par l\u2019orchestre<\/strong>. Il s\u2019adresse \u00e0 des enfants (105) vivant dans les quartiers relevant de la Politique de la Ville (Croix de Neyrat, Les Vergnes, Champratel, La Plaine, La Fontaine du Bac, La Gauthi\u00e8re et Saint-Jacques), en classes de CE2, CM1 et CM2. Durant cette exp\u00e9rience sur trois ans, chaque enfant se voit confier son instrument de musique (corde, cuivre, vent).<\/p>\n<p>\u00c0 Clermont-Ferrand, sept ateliers hebdomadaires rassemblant chacun quinze enfants ont \u00e9t\u00e9 mis en place. Ils sont encadr\u00e9s par deux musiciens professionnels, un Agent de D\u00e9veloppement Social et un b\u00e9n\u00e9vole d\u2019une association locale \u00e0 dimension culturelle ou \u00e9ducative. Une fois par mois, un danseur et un chef de ch\u0153ur sont intervenus aupr\u00e8s des enfants dans le but de cr\u00e9er des passerelles avec d\u2019autres disciplines artistiques. Chaque ann\u00e9e a \u00e9t\u00e9 ponctu\u00e9e par de grands rassemblements en orchestre dans des lieux culturels symboliques de la ville.<\/p>\n<p>La direction de l\u2019Orchestre D\u00e9mos Clermont-Ferrand est confi\u00e9e \u00e0 <strong>Takashi Kondo<\/strong>, chef d\u2019orchestre ayant d\u00e9j\u00e0 une exp\u00e9rience aupr\u00e8s des publics jeunes.<\/p>\n<p class=\"has-text-color\"><strong>\u00ab\u00a0Ce travail collaboratif et interprofessionnel vise \u00e0 inscrire les enfants dans une logique de pratique musicale p\u00e9renne en favorisant l\u2019\u00e9panouissement et l\u2019expressivit\u00e9 de chacun d\u2019entre eux au sein du groupe.\u00a0\u00bb<\/strong><\/p>\n<p>Le projet a pris fin en 2020, apr\u00e8s 3 ans cons\u00e9cutifs avec le m\u00eame groupe d\u2019enfants. Les \u00e9l\u00e8ves auraient d\u00fb se repr\u00e9senter sur sc\u00e8ne, \u00e0 Paris, mais le contexte sanitaire ne leur a pas permis de le faire. Une vid\u00e9o mosa\u00efque a \u00e9t\u00e9 r\u00e9alis\u00e9e comprenant les deux \u0153uvres qu\u2019ils devaient donner en concert le 5 d\u00e9cembre 2020 <strong>\u00ab\u00a0Bur Buk Boon\u00a0\u00bb<\/strong>, de Sophie Lacaze et <strong>\u00ab\u00a0Du nouveau monde pour la symphonie\u00a0\u00bb<\/strong>, extrait du 4\u00e8me mouvement de la 9\u00e8me symphonie d\u2019A. Dvo\u0159\u00e1k, arr. R. Melchior.<\/p>\n<p><iframe loading=\"lazy\" title=\"\u00c0 la fin des trois ans - l&#039;orchestre D\u00c9MOS Clermont-Ferrand re-confin\u00e9\" width=\"640\" height=\"360\" src=\"https:\/\/www.youtube.com\/embed\/GqqnbtZHM9o?feature=oembed\" frameborder=\"0\" allow=\"accelerometer; autoplay; clipboard-write; encrypted-media; gyroscope; picture-in-picture; web-share\" allowfullscreen><\/iframe><\/p>\n","protected":false},"excerpt":{"rendered":"<p>22\/01\/2023 Pour voir nos petits prodiges dans l&rsquo;Orchestre D\u00e9mos franco-allemand au concert r\u00e9alis\u00e9 \u00e0 l&rsquo;occasion des 60 ans du trait\u00e9 de l&rsquo;Elys\u00e9e, Cliquez ici \u00a0!!!\u00a0 D\u00e9mos est un projet con\u00e7u et pilot\u00e9 depuis 2010 par la Cit\u00e9 de la musique \u2013 Philharmonie de Paris. Il a vu le jour sur le territoire Clermontois en septembre&#8230;<\/p>\n","protected":false},"author":1,"featured_media":73,"comment_status":"closed","ping_status":"closed","sticky":false,"template":"","format":"standard","meta":{"footnotes":""},"categories":[129],"tags":[14,26,40,24,13,17,45,21,46,47,48,33,27],"class_list":["post-205","post","type-post","status-publish","format-standard","has-post-thumbnail","hentry","category-evenements","tag-association","tag-association-coup-de-pouce","tag-auvergne","tag-clermont-ferrand","tag-coup-de-pouce","tag-culture","tag-demos","tag-evenement","tag-musique","tag-orchestre","tag-philarmonie-de-paris","tag-quartier-nord","tag-solidaire"],"yoast_head":"<!-- This site is optimized with the Yoast SEO plugin v27.2 - https:\/\/yoast.com\/product\/yoast-seo-wordpress\/ -->\n<title>DEMOS - Coup de Pouce<\/title>\n<meta name=\"description\" content=\"D\u00e9mos est un projet con\u00e7u et pilot\u00e9 depuis 2010 par la Cit\u00e9 de la musique \u2013 Philharmonie de Paris. Il a vu le jour sur le territoire...\" \/>\n<meta name=\"robots\" content=\"index, follow, max-snippet:-1, max-image-preview:large, max-video-preview:-1\" \/>\n<link rel=\"canonical\" href=\"https:\/\/asscoupdepouce.com\/index.php\/2021\/03\/23\/demos\/\" \/>\n<meta property=\"og:locale\" content=\"fr_FR\" \/>\n<meta property=\"og:type\" content=\"article\" \/>\n<meta property=\"og:title\" content=\"DEMOS - Coup de Pouce\" \/>\n<meta property=\"og:description\" content=\"D\u00e9mos est un projet con\u00e7u et pilot\u00e9 depuis 2010 par la Cit\u00e9 de la musique \u2013 Philharmonie de Paris. Il a vu le jour sur le territoire...\" \/>\n<meta property=\"og:url\" content=\"https:\/\/asscoupdepouce.com\/index.php\/2021\/03\/23\/demos\/\" \/>\n<meta property=\"og:site_name\" content=\"Coup de Pouce\" \/>\n<meta property=\"article:publisher\" content=\"https:\/\/fr-fr.facebook.com\/Association-Coup-de-Pouce-816767501818619\/\" \/>\n<meta property=\"article:published_time\" content=\"2021-03-23T15:40:21+00:00\" \/>\n<meta property=\"article:modified_time\" content=\"2024-09-24T12:49:26+00:00\" \/>\n<meta property=\"og:image\" content=\"https:\/\/asscoupdepouce.com\/wp-content\/uploads\/2021\/03\/Projet-DEMOS.jpg\" \/>\n\t<meta property=\"og:image:width\" content=\"1024\" \/>\n\t<meta property=\"og:image:height\" content=\"768\" \/>\n\t<meta property=\"og:image:type\" content=\"image\/jpeg\" \/>\n<meta name=\"author\" content=\"asscoupdepouce\" \/>\n<meta name=\"twitter:card\" content=\"summary_large_image\" \/>\n<meta name=\"twitter:label1\" content=\"\u00c9crit par\" \/>\n\t<meta name=\"twitter:data1\" content=\"asscoupdepouce\" \/>\n\t<meta name=\"twitter:label2\" content=\"Dur\u00e9e de lecture estim\u00e9e\" \/>\n\t<meta name=\"twitter:data2\" content=\"3 minutes\" \/>\n<script type=\"application\/ld+json\" class=\"yoast-schema-graph\">{\"@context\":\"https:\/\/schema.org\",\"@graph\":[{\"@type\":\"Article\",\"@id\":\"https:\/\/asscoupdepouce.com\/index.php\/2021\/03\/23\/demos\/#article\",\"isPartOf\":{\"@id\":\"https:\/\/asscoupdepouce.com\/index.php\/2021\/03\/23\/demos\/\"},\"author\":{\"name\":\"asscoupdepouce\",\"@id\":\"https:\/\/asscoupdepouce.com\/#\/schema\/person\/50f5e6107202888c4540acf69babb08e\"},\"headline\":\"DEMOS\",\"datePublished\":\"2021-03-23T15:40:21+00:00\",\"dateModified\":\"2024-09-24T12:49:26+00:00\",\"mainEntityOfPage\":{\"@id\":\"https:\/\/asscoupdepouce.com\/index.php\/2021\/03\/23\/demos\/\"},\"wordCount\":418,\"publisher\":{\"@id\":\"https:\/\/asscoupdepouce.com\/#organization\"},\"image\":{\"@id\":\"https:\/\/asscoupdepouce.com\/index.php\/2021\/03\/23\/demos\/#primaryimage\"},\"thumbnailUrl\":\"https:\/\/asscoupdepouce.com\/wp-content\/uploads\/2021\/03\/Projet-DEMOS.jpg\",\"keywords\":[\"association\",\"association coup de pouce\",\"Auvergne\",\"Clermont-Ferrand\",\"coup de pouce\",\"culture\",\"DEMOS\",\"Evenement\",\"musique\",\"orchestre\",\"Philarmonie de paris\",\"Quartier nord\",\"solidaire\"],\"articleSection\":[\"\u00c9v\u00e9nements\"],\"inLanguage\":\"fr-FR\"},{\"@type\":\"WebPage\",\"@id\":\"https:\/\/asscoupdepouce.com\/index.php\/2021\/03\/23\/demos\/\",\"url\":\"https:\/\/asscoupdepouce.com\/index.php\/2021\/03\/23\/demos\/\",\"name\":\"DEMOS - Coup de Pouce\",\"isPartOf\":{\"@id\":\"https:\/\/asscoupdepouce.com\/#website\"},\"primaryImageOfPage\":{\"@id\":\"https:\/\/asscoupdepouce.com\/index.php\/2021\/03\/23\/demos\/#primaryimage\"},\"image\":{\"@id\":\"https:\/\/asscoupdepouce.com\/index.php\/2021\/03\/23\/demos\/#primaryimage\"},\"thumbnailUrl\":\"https:\/\/asscoupdepouce.com\/wp-content\/uploads\/2021\/03\/Projet-DEMOS.jpg\",\"datePublished\":\"2021-03-23T15:40:21+00:00\",\"dateModified\":\"2024-09-24T12:49:26+00:00\",\"description\":\"D\u00e9mos est un projet con\u00e7u et pilot\u00e9 depuis 2010 par la Cit\u00e9 de la musique \u2013 Philharmonie de Paris. Il a vu le jour sur le territoire...\",\"breadcrumb\":{\"@id\":\"https:\/\/asscoupdepouce.com\/index.php\/2021\/03\/23\/demos\/#breadcrumb\"},\"inLanguage\":\"fr-FR\",\"potentialAction\":[{\"@type\":\"ReadAction\",\"target\":[\"https:\/\/asscoupdepouce.com\/index.php\/2021\/03\/23\/demos\/\"]}]},{\"@type\":\"ImageObject\",\"inLanguage\":\"fr-FR\",\"@id\":\"https:\/\/asscoupdepouce.com\/index.php\/2021\/03\/23\/demos\/#primaryimage\",\"url\":\"https:\/\/asscoupdepouce.com\/wp-content\/uploads\/2021\/03\/Projet-DEMOS.jpg\",\"contentUrl\":\"https:\/\/asscoupdepouce.com\/wp-content\/uploads\/2021\/03\/Projet-DEMOS.jpg\",\"width\":1024,\"height\":768,\"caption\":\"DEMOS dispositif d'education musicale et orchestrale \u00e0 vocation sociale r\u00e9p\u00e9tition des enfants\"},{\"@type\":\"BreadcrumbList\",\"@id\":\"https:\/\/asscoupdepouce.com\/index.php\/2021\/03\/23\/demos\/#breadcrumb\",\"itemListElement\":[{\"@type\":\"ListItem\",\"position\":1,\"name\":\"Accueil\",\"item\":\"https:\/\/asscoupdepouce.com\/\"},{\"@type\":\"ListItem\",\"position\":2,\"name\":\"DEMOS\"}]},{\"@type\":\"WebSite\",\"@id\":\"https:\/\/asscoupdepouce.com\/#website\",\"url\":\"https:\/\/asscoupdepouce.com\/\",\"name\":\"Association Coup de Pouce\",\"description\":\"L&#039;esprit de la r\u00e9ussite\",\"publisher\":{\"@id\":\"https:\/\/asscoupdepouce.com\/#organization\"},\"potentialAction\":[{\"@type\":\"SearchAction\",\"target\":{\"@type\":\"EntryPoint\",\"urlTemplate\":\"https:\/\/asscoupdepouce.com\/?s={search_term_string}\"},\"query-input\":{\"@type\":\"PropertyValueSpecification\",\"valueRequired\":true,\"valueName\":\"search_term_string\"}}],\"inLanguage\":\"fr-FR\"},{\"@type\":\"Organization\",\"@id\":\"https:\/\/asscoupdepouce.com\/#organization\",\"name\":\"Association Coup de Pouce\",\"url\":\"https:\/\/asscoupdepouce.com\/\",\"logo\":{\"@type\":\"ImageObject\",\"inLanguage\":\"fr-FR\",\"@id\":\"https:\/\/asscoupdepouce.com\/#\/schema\/logo\/image\/\",\"url\":\"https:\/\/asscoupdepouce.com\/wp-content\/uploads\/2021\/03\/Coup-de-pouce-logo-SITE.png\",\"contentUrl\":\"https:\/\/asscoupdepouce.com\/wp-content\/uploads\/2021\/03\/Coup-de-pouce-logo-SITE.png\",\"width\":2200,\"height\":864,\"caption\":\"Association Coup de Pouce\"},\"image\":{\"@id\":\"https:\/\/asscoupdepouce.com\/#\/schema\/logo\/image\/\"},\"sameAs\":[\"https:\/\/fr-fr.facebook.com\/Association-Coup-de-Pouce-816767501818619\/\"]},{\"@type\":\"Person\",\"@id\":\"https:\/\/asscoupdepouce.com\/#\/schema\/person\/50f5e6107202888c4540acf69babb08e\",\"name\":\"asscoupdepouce\",\"image\":{\"@type\":\"ImageObject\",\"inLanguage\":\"fr-FR\",\"@id\":\"https:\/\/secure.gravatar.com\/avatar\/bbcb968c18fce19c3905d5b2d8db351cb8cfbb4960e92a4dd9a6e203be97fde1?s=96&d=mm&r=g\",\"url\":\"https:\/\/secure.gravatar.com\/avatar\/bbcb968c18fce19c3905d5b2d8db351cb8cfbb4960e92a4dd9a6e203be97fde1?s=96&d=mm&r=g\",\"contentUrl\":\"https:\/\/secure.gravatar.com\/avatar\/bbcb968c18fce19c3905d5b2d8db351cb8cfbb4960e92a4dd9a6e203be97fde1?s=96&d=mm&r=g\",\"caption\":\"asscoupdepouce\"},\"sameAs\":[\"https:\/\/asscoupdepouce.com\"]}]}<\/script>\n<!-- \/ Yoast SEO plugin. -->","yoast_head_json":{"title":"DEMOS - Coup de Pouce","description":"D\u00e9mos est un projet con\u00e7u et pilot\u00e9 depuis 2010 par la Cit\u00e9 de la musique \u2013 Philharmonie de Paris. Il a vu le jour sur le territoire...","robots":{"index":"index","follow":"follow","max-snippet":"max-snippet:-1","max-image-preview":"max-image-preview:large","max-video-preview":"max-video-preview:-1"},"canonical":"https:\/\/asscoupdepouce.com\/index.php\/2021\/03\/23\/demos\/","og_locale":"fr_FR","og_type":"article","og_title":"DEMOS - Coup de Pouce","og_description":"D\u00e9mos est un projet con\u00e7u et pilot\u00e9 depuis 2010 par la Cit\u00e9 de la musique \u2013 Philharmonie de Paris. Il a vu le jour sur le territoire...","og_url":"https:\/\/asscoupdepouce.com\/index.php\/2021\/03\/23\/demos\/","og_site_name":"Coup de Pouce","article_publisher":"https:\/\/fr-fr.facebook.com\/Association-Coup-de-Pouce-816767501818619\/","article_published_time":"2021-03-23T15:40:21+00:00","article_modified_time":"2024-09-24T12:49:26+00:00","og_image":[{"width":1024,"height":768,"url":"https:\/\/asscoupdepouce.com\/wp-content\/uploads\/2021\/03\/Projet-DEMOS.jpg","type":"image\/jpeg"}],"author":"asscoupdepouce","twitter_card":"summary_large_image","twitter_misc":{"\u00c9crit par":"asscoupdepouce","Dur\u00e9e de lecture estim\u00e9e":"3 minutes"},"schema":{"@context":"https:\/\/schema.org","@graph":[{"@type":"Article","@id":"https:\/\/asscoupdepouce.com\/index.php\/2021\/03\/23\/demos\/#article","isPartOf":{"@id":"https:\/\/asscoupdepouce.com\/index.php\/2021\/03\/23\/demos\/"},"author":{"name":"asscoupdepouce","@id":"https:\/\/asscoupdepouce.com\/#\/schema\/person\/50f5e6107202888c4540acf69babb08e"},"headline":"DEMOS","datePublished":"2021-03-23T15:40:21+00:00","dateModified":"2024-09-24T12:49:26+00:00","mainEntityOfPage":{"@id":"https:\/\/asscoupdepouce.com\/index.php\/2021\/03\/23\/demos\/"},"wordCount":418,"publisher":{"@id":"https:\/\/asscoupdepouce.com\/#organization"},"image":{"@id":"https:\/\/asscoupdepouce.com\/index.php\/2021\/03\/23\/demos\/#primaryimage"},"thumbnailUrl":"https:\/\/asscoupdepouce.com\/wp-content\/uploads\/2021\/03\/Projet-DEMOS.jpg","keywords":["association","association coup de pouce","Auvergne","Clermont-Ferrand","coup de pouce","culture","DEMOS","Evenement","musique","orchestre","Philarmonie de paris","Quartier nord","solidaire"],"articleSection":["\u00c9v\u00e9nements"],"inLanguage":"fr-FR"},{"@type":"WebPage","@id":"https:\/\/asscoupdepouce.com\/index.php\/2021\/03\/23\/demos\/","url":"https:\/\/asscoupdepouce.com\/index.php\/2021\/03\/23\/demos\/","name":"DEMOS - Coup de Pouce","isPartOf":{"@id":"https:\/\/asscoupdepouce.com\/#website"},"primaryImageOfPage":{"@id":"https:\/\/asscoupdepouce.com\/index.php\/2021\/03\/23\/demos\/#primaryimage"},"image":{"@id":"https:\/\/asscoupdepouce.com\/index.php\/2021\/03\/23\/demos\/#primaryimage"},"thumbnailUrl":"https:\/\/asscoupdepouce.com\/wp-content\/uploads\/2021\/03\/Projet-DEMOS.jpg","datePublished":"2021-03-23T15:40:21+00:00","dateModified":"2024-09-24T12:49:26+00:00","description":"D\u00e9mos est un projet con\u00e7u et pilot\u00e9 depuis 2010 par la Cit\u00e9 de la musique \u2013 Philharmonie de Paris. Il a vu le jour sur le territoire...","breadcrumb":{"@id":"https:\/\/asscoupdepouce.com\/index.php\/2021\/03\/23\/demos\/#breadcrumb"},"inLanguage":"fr-FR","potentialAction":[{"@type":"ReadAction","target":["https:\/\/asscoupdepouce.com\/index.php\/2021\/03\/23\/demos\/"]}]},{"@type":"ImageObject","inLanguage":"fr-FR","@id":"https:\/\/asscoupdepouce.com\/index.php\/2021\/03\/23\/demos\/#primaryimage","url":"https:\/\/asscoupdepouce.com\/wp-content\/uploads\/2021\/03\/Projet-DEMOS.jpg","contentUrl":"https:\/\/asscoupdepouce.com\/wp-content\/uploads\/2021\/03\/Projet-DEMOS.jpg","width":1024,"height":768,"caption":"DEMOS dispositif d'education musicale et orchestrale \u00e0 vocation sociale r\u00e9p\u00e9tition des enfants"},{"@type":"BreadcrumbList","@id":"https:\/\/asscoupdepouce.com\/index.php\/2021\/03\/23\/demos\/#breadcrumb","itemListElement":[{"@type":"ListItem","position":1,"name":"Accueil","item":"https:\/\/asscoupdepouce.com\/"},{"@type":"ListItem","position":2,"name":"DEMOS"}]},{"@type":"WebSite","@id":"https:\/\/asscoupdepouce.com\/#website","url":"https:\/\/asscoupdepouce.com\/","name":"Association Coup de Pouce","description":"L&#039;esprit de la r\u00e9ussite","publisher":{"@id":"https:\/\/asscoupdepouce.com\/#organization"},"potentialAction":[{"@type":"SearchAction","target":{"@type":"EntryPoint","urlTemplate":"https:\/\/asscoupdepouce.com\/?s={search_term_string}"},"query-input":{"@type":"PropertyValueSpecification","valueRequired":true,"valueName":"search_term_string"}}],"inLanguage":"fr-FR"},{"@type":"Organization","@id":"https:\/\/asscoupdepouce.com\/#organization","name":"Association Coup de Pouce","url":"https:\/\/asscoupdepouce.com\/","logo":{"@type":"ImageObject","inLanguage":"fr-FR","@id":"https:\/\/asscoupdepouce.com\/#\/schema\/logo\/image\/","url":"https:\/\/asscoupdepouce.com\/wp-content\/uploads\/2021\/03\/Coup-de-pouce-logo-SITE.png","contentUrl":"https:\/\/asscoupdepouce.com\/wp-content\/uploads\/2021\/03\/Coup-de-pouce-logo-SITE.png","width":2200,"height":864,"caption":"Association Coup de Pouce"},"image":{"@id":"https:\/\/asscoupdepouce.com\/#\/schema\/logo\/image\/"},"sameAs":["https:\/\/fr-fr.facebook.com\/Association-Coup-de-Pouce-816767501818619\/"]},{"@type":"Person","@id":"https:\/\/asscoupdepouce.com\/#\/schema\/person\/50f5e6107202888c4540acf69babb08e","name":"asscoupdepouce","image":{"@type":"ImageObject","inLanguage":"fr-FR","@id":"https:\/\/secure.gravatar.com\/avatar\/bbcb968c18fce19c3905d5b2d8db351cb8cfbb4960e92a4dd9a6e203be97fde1?s=96&d=mm&r=g","url":"https:\/\/secure.gravatar.com\/avatar\/bbcb968c18fce19c3905d5b2d8db351cb8cfbb4960e92a4dd9a6e203be97fde1?s=96&d=mm&r=g","contentUrl":"https:\/\/secure.gravatar.com\/avatar\/bbcb968c18fce19c3905d5b2d8db351cb8cfbb4960e92a4dd9a6e203be97fde1?s=96&d=mm&r=g","caption":"asscoupdepouce"},"sameAs":["https:\/\/asscoupdepouce.com"]}]}},"_links":{"self":[{"href":"https:\/\/asscoupdepouce.com\/index.php\/wp-json\/wp\/v2\/posts\/205","targetHints":{"allow":["GET"]}}],"collection":[{"href":"https:\/\/asscoupdepouce.com\/index.php\/wp-json\/wp\/v2\/posts"}],"about":[{"href":"https:\/\/asscoupdepouce.com\/index.php\/wp-json\/wp\/v2\/types\/post"}],"author":[{"embeddable":true,"href":"https:\/\/asscoupdepouce.com\/index.php\/wp-json\/wp\/v2\/users\/1"}],"replies":[{"embeddable":true,"href":"https:\/\/asscoupdepouce.com\/index.php\/wp-json\/wp\/v2\/comments?post=205"}],"version-history":[{"count":3,"href":"https:\/\/asscoupdepouce.com\/index.php\/wp-json\/wp\/v2\/posts\/205\/revisions"}],"predecessor-version":[{"id":774,"href":"https:\/\/asscoupdepouce.com\/index.php\/wp-json\/wp\/v2\/posts\/205\/revisions\/774"}],"wp:featuredmedia":[{"embeddable":true,"href":"https:\/\/asscoupdepouce.com\/index.php\/wp-json\/wp\/v2\/media\/73"}],"wp:attachment":[{"href":"https:\/\/asscoupdepouce.com\/index.php\/wp-json\/wp\/v2\/media?parent=205"}],"wp:term":[{"taxonomy":"category","embeddable":true,"href":"https:\/\/asscoupdepouce.com\/index.php\/wp-json\/wp\/v2\/categories?post=205"},{"taxonomy":"post_tag","embeddable":true,"href":"https:\/\/asscoupdepouce.com\/index.php\/wp-json\/wp\/v2\/tags?post=205"}],"curies":[{"name":"wp","href":"https:\/\/api.w.org\/{rel}","templated":true}]}}