{"id":207,"date":"2021-03-23T16:44:52","date_gmt":"2021-03-23T15:44:52","guid":{"rendered":"https:\/\/asscoupdepouce.com\/?p=207"},"modified":"2024-09-24T14:49:22","modified_gmt":"2024-09-24T12:49:22","slug":"les-volcans-eteints","status":"publish","type":"post","link":"https:\/\/asscoupdepouce.com\/index.php\/2021\/03\/23\/les-volcans-eteints\/","title":{"rendered":"Les Volcans \u00e9teints 2019"},"content":{"rendered":"<p class=\"has-text-color\"><strong>Les volcans \u00e9teints\u00a0: la culture pour am\u00e9liorer le mieux vivre ensemble<\/strong><\/p>\n<p>Du 19 au 23 octobre 2019, en partenariat avec la <a href=\"https:\/\/www.fondation-vinci.com\/fondation\/fr\/page\/index.htm\">fondation VINCI pour la cit\u00e9<\/a>, l\u2019association a organis\u00e9 un \u00e9v\u00e8nement autour du th\u00e8me \u00ab <strong>La citoyennet\u00e9 et le vivre ensemble<\/strong> \u00bb.<\/p>\n<p><em>Comment la culture peut-elle contribuer \u00e0 am\u00e9liorer le \u00ab\u00a0vivre ensemble\u00a0\u00bb ? Cr\u00e9er du lien entre les habitants, participer \u00e0 la valorisation d\u2019un territoire ? Et quelles sont les \u00ab\u00a0recettes\u00a0\u00bb \u00e0 appliquer pour y parvenir ?<\/em><\/p>\n<p>Notre r\u00e9ponse \u00e0 ces questions consiste \u00e0 la <strong>cr\u00e9ation d\u2019un espace artistique, citoyen et participatif \u00e0 travers un \u00e9v\u00e8nement unique \u00ab les volcans \u00e9teints \u00bb<\/strong><\/p>\n<p>Il s\u2019agit d\u2019un projet d\u2019\u00e9ducation, de sensibilisation, de partage\u2026 dans et hors les murs de quartier et de l\u2019\u00e9cole, dont l\u2019originalit\u00e9 est de conjuguer les enjeux sociaux et environnementaux afin de dynamiser un projet du territoire de notre quartier, de notre ville et de l\u2019agglom\u00e9ration Clermontoise.<\/p>\n<ul>\n<li>Des ateliers de formation \u00e0 la <strong>calligraphie <\/strong>(latine, arabe, asiatique) : des ateliers p\u00e9dagogiques et cr\u00e9atifs ainsi qu\u2019un vernissage r\u00e9unissant les \u0153uvres des participants dans plusieurs lieux de la ville. Les ateliers d\u2019apprentissage de la calligraphie ont \u00e9t\u00e9 anim\u00e9s par des calligraphes de grande renomm\u00e9e afin de faire d\u00e9couvrir et d\u2019apprendre la calligraphie aux habitants du quartier, pour cr\u00e9er un ensemble d\u2019\u0153uvres m\u00ealant calligraphie latine, asiatique et arabe.<\/li>\n<\/ul>\n<p><img loading=\"lazy\" decoding=\"async\" class=\"alignnone wp-image-68 size-full\" src=\"https:\/\/asscoupdepouce.com\/wp-content\/uploads\/2021\/03\/Les-volcans-eteints-1-scaled.jpg\" alt=\"Groupe participant \u00e0 l'atelier calligraphie lors des volcans \u00e9teints\" width=\"2560\" height=\"1440\" srcset=\"https:\/\/asscoupdepouce.com\/wp-content\/uploads\/2021\/03\/Les-volcans-eteints-1-scaled.jpg 2560w, https:\/\/asscoupdepouce.com\/wp-content\/uploads\/2021\/03\/Les-volcans-eteints-1-300x169.jpg 300w, https:\/\/asscoupdepouce.com\/wp-content\/uploads\/2021\/03\/Les-volcans-eteints-1-1024x576.jpg 1024w, https:\/\/asscoupdepouce.com\/wp-content\/uploads\/2021\/03\/Les-volcans-eteints-1-600x337.jpg 600w, https:\/\/asscoupdepouce.com\/wp-content\/uploads\/2021\/03\/Les-volcans-eteints-1-500x281.jpg 500w, https:\/\/asscoupdepouce.com\/wp-content\/uploads\/2021\/03\/Les-volcans-eteints-1-400x225.jpg 400w\" sizes=\"auto, (max-width: 2560px) 100vw, 2560px\" \/><\/p>\n<div class=\"wp-block-group\">\n<div class=\"wp-block-group__inner-container\">\n<ul>\n<li><strong>D\u00e9bat <\/strong>: \u00ab Citoyennet\u00e9 et vivre-ensemble, on en parle ! \u00bb<\/li>\n<\/ul>\n<\/div>\n<\/div>\n<p><em>Qu\u2019est-ce qu\u2019\u00eatre un citoyen ?<\/em> Cette question fonde les savoirs qu\u2019une personne doit poss\u00e9der pour conna\u00eetre les crit\u00e8res qui, dans la r\u00e9publique fran\u00e7aise, accordent le statut de citoyen. La connaissance de ce statut permet \u00e0 la personne d\u2019interroger les enjeux du \u00ab vivre ensemble \u00bb. Il s\u2019agit de <strong>comprendre comment se fonde la citoyennet\u00e9, et de savoir que, si elle accorde des droits, elle implique \u00e9galement des devoirs.<\/strong><\/p>\n<p>La question \u00e0 laquelle les participants ont \u00e9t\u00e9 invit\u00e9s \u00e0 r\u00e9pondre \u00e0 l\u2019issue du d\u00e9bat : <strong>\u00ab Mais, pour toi, c\u2019est quoi \u00eatre un citoyen ? \u00bb<\/strong><\/p>\n<p>Le d\u00e9bat s\u2019est d\u00e9roul\u00e9 en pr\u00e9sence d\u2019un repr\u00e9sentant politique et d\u2019un philosophe.<\/p>\n<p>Le r\u00f4le de cet \u00e9v\u00e9nement \u00e9tait notamment de donner une visibilit\u00e9 \u00e0 ces initiatives, discr\u00e8tes ou m\u00e9diatis\u00e9es, susceptibles de provoquer une contagion positive si l\u2019on en extrait les bons ingr\u00e9dients.<\/p>\n<p><img loading=\"lazy\" decoding=\"async\" class=\"alignnone wp-image-70 size-full\" src=\"https:\/\/asscoupdepouce.com\/wp-content\/uploads\/2021\/03\/Les-volcans-eteints-3-scaled.jpg\" alt=\"Conf\u00e9rence\" width=\"2560\" height=\"1707\" srcset=\"https:\/\/asscoupdepouce.com\/wp-content\/uploads\/2021\/03\/Les-volcans-eteints-3-scaled.jpg 2560w, https:\/\/asscoupdepouce.com\/wp-content\/uploads\/2021\/03\/Les-volcans-eteints-3-300x200.jpg 300w, https:\/\/asscoupdepouce.com\/wp-content\/uploads\/2021\/03\/Les-volcans-eteints-3-1024x683.jpg 1024w, https:\/\/asscoupdepouce.com\/wp-content\/uploads\/2021\/03\/Les-volcans-eteints-3-600x400.jpg 600w, https:\/\/asscoupdepouce.com\/wp-content\/uploads\/2021\/03\/Les-volcans-eteints-3-500x333.jpg 500w, https:\/\/asscoupdepouce.com\/wp-content\/uploads\/2021\/03\/Les-volcans-eteints-3-400x267.jpg 400w\" sizes=\"auto, (max-width: 2560px) 100vw, 2560px\" \/><\/p>\n<ul>\n<li>Spectacle th\u00e9\u00e2tral et humoristique par <strong>AmouTati<\/strong> dans La Dame de Fer.<\/li>\n<\/ul>\n<p><iframe loading=\"lazy\" title=\"AMOUTATI - TEASER\" width=\"640\" height=\"360\" src=\"https:\/\/www.youtube.com\/embed\/wtMos_oOcjE?feature=oembed\" frameborder=\"0\" allow=\"accelerometer; autoplay; clipboard-write; encrypted-media; gyroscope; picture-in-picture\" allowfullscreen><\/iframe><\/p>\n<p>Un \u00e9v\u00e8nement r\u00e9fl\u00e9chi avec l\u2019intime conviction que le rire partag\u00e9 est un rem\u00e8de \u00e0 bien des maux. Avec l\u2019humour, un message passe, celui du vivre ensemble.<\/p>\n<p class=\"has-text-color\"><strong>L\u2019acc\u00e8s \u00e0 tous par des tarifs r\u00e9duits, des animations culturelles pour tout \u00e2ge mais \u00e9galement des rencontres entre le public et les artistes\u2026 Il s\u2019agit ici de toucher \u00e0 l\u2019unicit\u00e9 mais pas seulement.<\/strong><\/p>\n<p>Nous avons s\u00e9lectionn\u00e9 le spectacle \u00ab AmouTati, la dame de fer \u00bb. Dans ce solo d\u2019humour africain, Tatiano Rojo exprime tous ses talents d\u2019humoriste, d\u2019imitatrice, de danseuse en campant pas moins de 12 personnages.<\/p>\n<p><em>Pour cet \u00e9v\u00e8nement, 350 personnes ont pu b\u00e9n\u00e9ficier du tarif associatif pour le spectacle d\u2019Amou TATI.<\/em><\/p>\n","protected":false},"excerpt":{"rendered":"<p>Les volcans \u00e9teints\u00a0: la culture pour am\u00e9liorer le mieux vivre ensemble Du 19 au 23 octobre 2019, en partenariat avec la fondation VINCI pour la cit\u00e9, l\u2019association a organis\u00e9 un \u00e9v\u00e8nement autour du th\u00e8me \u00ab La citoyennet\u00e9 et le vivre ensemble \u00bb. Comment la culture peut-elle contribuer \u00e0 am\u00e9liorer le \u00ab\u00a0vivre ensemble\u00a0\u00bb ? Cr\u00e9er du&#8230;<\/p>\n","protected":false},"author":1,"featured_media":71,"comment_status":"closed","ping_status":"closed","sticky":false,"template":"","format":"standard","meta":{"footnotes":""},"categories":[129],"tags":[54,14,26,40,50,34,24,51,13,35,17,21,55,53,33,41,52,49],"class_list":["post-207","post","type-post","status-publish","format-standard","has-post-thumbnail","hentry","category-evenements","tag-amou-tati","tag-association","tag-association-coup-de-pouce","tag-auvergne","tag-calligraphie","tag-champratel","tag-clermont-ferrand","tag-conference","tag-coup-de-pouce","tag-croix-de-neyrat","tag-culture","tag-evenement","tag-familles-solidaire","tag-humour","tag-quartier-nord","tag-solidarite","tag-spectacle","tag-volcans-eteints"],"yoast_head":"<!-- This site is optimized with the Yoast SEO plugin v27.2 - https:\/\/yoast.com\/product\/yoast-seo-wordpress\/ -->\n<title>Les Volcans \u00e9teints 2019 - Coup de Pouce<\/title>\n<meta name=\"description\" content=\"Les volcans \u00e9teints : la culture pour am\u00e9liorer le mieux vivre ensemble. Du 19 au 23 octobre 2019, en partenariat avec la fondation VINCI...\" \/>\n<meta name=\"robots\" content=\"index, follow, max-snippet:-1, max-image-preview:large, max-video-preview:-1\" \/>\n<link rel=\"canonical\" href=\"https:\/\/asscoupdepouce.com\/index.php\/2021\/03\/23\/les-volcans-eteints\/\" \/>\n<meta property=\"og:locale\" content=\"fr_FR\" \/>\n<meta property=\"og:type\" content=\"article\" \/>\n<meta property=\"og:title\" content=\"Les Volcans \u00e9teints 2019 - Coup de Pouce\" \/>\n<meta property=\"og:description\" content=\"Les volcans \u00e9teints : la culture pour am\u00e9liorer le mieux vivre ensemble. Du 19 au 23 octobre 2019, en partenariat avec la fondation VINCI...\" \/>\n<meta property=\"og:url\" content=\"https:\/\/asscoupdepouce.com\/index.php\/2021\/03\/23\/les-volcans-eteints\/\" \/>\n<meta property=\"og:site_name\" content=\"Coup de Pouce\" \/>\n<meta property=\"article:publisher\" content=\"https:\/\/fr-fr.facebook.com\/Association-Coup-de-Pouce-816767501818619\/\" \/>\n<meta property=\"article:published_time\" content=\"2021-03-23T15:44:52+00:00\" \/>\n<meta property=\"article:modified_time\" content=\"2024-09-24T12:49:22+00:00\" \/>\n<meta property=\"og:image\" content=\"https:\/\/asscoupdepouce.com\/wp-content\/uploads\/2021\/03\/Les-volcans-eteints-scaled.jpg\" \/>\n\t<meta property=\"og:image:width\" content=\"2560\" \/>\n\t<meta property=\"og:image:height\" content=\"1707\" \/>\n\t<meta property=\"og:image:type\" content=\"image\/jpeg\" \/>\n<meta name=\"author\" content=\"asscoupdepouce\" \/>\n<meta name=\"twitter:card\" content=\"summary_large_image\" \/>\n<meta name=\"twitter:label1\" content=\"\u00c9crit par\" \/>\n\t<meta name=\"twitter:data1\" content=\"asscoupdepouce\" \/>\n\t<meta name=\"twitter:label2\" content=\"Dur\u00e9e de lecture estim\u00e9e\" \/>\n\t<meta name=\"twitter:data2\" content=\"3 minutes\" \/>\n<script type=\"application\/ld+json\" class=\"yoast-schema-graph\">{\"@context\":\"https:\/\/schema.org\",\"@graph\":[{\"@type\":\"Article\",\"@id\":\"https:\/\/asscoupdepouce.com\/index.php\/2021\/03\/23\/les-volcans-eteints\/#article\",\"isPartOf\":{\"@id\":\"https:\/\/asscoupdepouce.com\/index.php\/2021\/03\/23\/les-volcans-eteints\/\"},\"author\":{\"name\":\"asscoupdepouce\",\"@id\":\"https:\/\/asscoupdepouce.com\/#\/schema\/person\/50f5e6107202888c4540acf69babb08e\"},\"headline\":\"Les Volcans \u00e9teints 2019\",\"datePublished\":\"2021-03-23T15:44:52+00:00\",\"dateModified\":\"2024-09-24T12:49:22+00:00\",\"mainEntityOfPage\":{\"@id\":\"https:\/\/asscoupdepouce.com\/index.php\/2021\/03\/23\/les-volcans-eteints\/\"},\"wordCount\":533,\"publisher\":{\"@id\":\"https:\/\/asscoupdepouce.com\/#organization\"},\"image\":{\"@id\":\"https:\/\/asscoupdepouce.com\/index.php\/2021\/03\/23\/les-volcans-eteints\/#primaryimage\"},\"thumbnailUrl\":\"https:\/\/asscoupdepouce.com\/wp-content\/uploads\/2021\/03\/Les-volcans-eteints-scaled.jpg\",\"keywords\":[\"Amou Tati\",\"association\",\"association coup de pouce\",\"Auvergne\",\"calligraphie\",\"Champratel\",\"Clermont-Ferrand\",\"conf\u00e9rence\",\"coup de pouce\",\"Croix-de-Neyrat\",\"culture\",\"Evenement\",\"familles; solidaire\",\"humour\",\"Quartier nord\",\"solidarit\u00e9\",\"spectacle\",\"Volcans \u00e9teints\"],\"articleSection\":[\"\u00c9v\u00e9nements\"],\"inLanguage\":\"fr-FR\"},{\"@type\":\"WebPage\",\"@id\":\"https:\/\/asscoupdepouce.com\/index.php\/2021\/03\/23\/les-volcans-eteints\/\",\"url\":\"https:\/\/asscoupdepouce.com\/index.php\/2021\/03\/23\/les-volcans-eteints\/\",\"name\":\"Les Volcans \u00e9teints 2019 - Coup de Pouce\",\"isPartOf\":{\"@id\":\"https:\/\/asscoupdepouce.com\/#website\"},\"primaryImageOfPage\":{\"@id\":\"https:\/\/asscoupdepouce.com\/index.php\/2021\/03\/23\/les-volcans-eteints\/#primaryimage\"},\"image\":{\"@id\":\"https:\/\/asscoupdepouce.com\/index.php\/2021\/03\/23\/les-volcans-eteints\/#primaryimage\"},\"thumbnailUrl\":\"https:\/\/asscoupdepouce.com\/wp-content\/uploads\/2021\/03\/Les-volcans-eteints-scaled.jpg\",\"datePublished\":\"2021-03-23T15:44:52+00:00\",\"dateModified\":\"2024-09-24T12:49:22+00:00\",\"description\":\"Les volcans \u00e9teints : la culture pour am\u00e9liorer le mieux vivre ensemble. Du 19 au 23 octobre 2019, en partenariat avec la fondation VINCI...\",\"breadcrumb\":{\"@id\":\"https:\/\/asscoupdepouce.com\/index.php\/2021\/03\/23\/les-volcans-eteints\/#breadcrumb\"},\"inLanguage\":\"fr-FR\",\"potentialAction\":[{\"@type\":\"ReadAction\",\"target\":[\"https:\/\/asscoupdepouce.com\/index.php\/2021\/03\/23\/les-volcans-eteints\/\"]}]},{\"@type\":\"ImageObject\",\"inLanguage\":\"fr-FR\",\"@id\":\"https:\/\/asscoupdepouce.com\/index.php\/2021\/03\/23\/les-volcans-eteints\/#primaryimage\",\"url\":\"https:\/\/asscoupdepouce.com\/wp-content\/uploads\/2021\/03\/Les-volcans-eteints-scaled.jpg\",\"contentUrl\":\"https:\/\/asscoupdepouce.com\/wp-content\/uploads\/2021\/03\/Les-volcans-eteints-scaled.jpg\",\"width\":2560,\"height\":1707,\"caption\":\"Les volcans eteints buffet\"},{\"@type\":\"BreadcrumbList\",\"@id\":\"https:\/\/asscoupdepouce.com\/index.php\/2021\/03\/23\/les-volcans-eteints\/#breadcrumb\",\"itemListElement\":[{\"@type\":\"ListItem\",\"position\":1,\"name\":\"Accueil\",\"item\":\"https:\/\/asscoupdepouce.com\/\"},{\"@type\":\"ListItem\",\"position\":2,\"name\":\"Les Volcans \u00e9teints 2019\"}]},{\"@type\":\"WebSite\",\"@id\":\"https:\/\/asscoupdepouce.com\/#website\",\"url\":\"https:\/\/asscoupdepouce.com\/\",\"name\":\"Association Coup de Pouce\",\"description\":\"L&#039;esprit de la r\u00e9ussite\",\"publisher\":{\"@id\":\"https:\/\/asscoupdepouce.com\/#organization\"},\"potentialAction\":[{\"@type\":\"SearchAction\",\"target\":{\"@type\":\"EntryPoint\",\"urlTemplate\":\"https:\/\/asscoupdepouce.com\/?s={search_term_string}\"},\"query-input\":{\"@type\":\"PropertyValueSpecification\",\"valueRequired\":true,\"valueName\":\"search_term_string\"}}],\"inLanguage\":\"fr-FR\"},{\"@type\":\"Organization\",\"@id\":\"https:\/\/asscoupdepouce.com\/#organization\",\"name\":\"Association Coup de Pouce\",\"url\":\"https:\/\/asscoupdepouce.com\/\",\"logo\":{\"@type\":\"ImageObject\",\"inLanguage\":\"fr-FR\",\"@id\":\"https:\/\/asscoupdepouce.com\/#\/schema\/logo\/image\/\",\"url\":\"https:\/\/asscoupdepouce.com\/wp-content\/uploads\/2021\/03\/Coup-de-pouce-logo-SITE.png\",\"contentUrl\":\"https:\/\/asscoupdepouce.com\/wp-content\/uploads\/2021\/03\/Coup-de-pouce-logo-SITE.png\",\"width\":2200,\"height\":864,\"caption\":\"Association Coup de Pouce\"},\"image\":{\"@id\":\"https:\/\/asscoupdepouce.com\/#\/schema\/logo\/image\/\"},\"sameAs\":[\"https:\/\/fr-fr.facebook.com\/Association-Coup-de-Pouce-816767501818619\/\"]},{\"@type\":\"Person\",\"@id\":\"https:\/\/asscoupdepouce.com\/#\/schema\/person\/50f5e6107202888c4540acf69babb08e\",\"name\":\"asscoupdepouce\",\"image\":{\"@type\":\"ImageObject\",\"inLanguage\":\"fr-FR\",\"@id\":\"https:\/\/secure.gravatar.com\/avatar\/bbcb968c18fce19c3905d5b2d8db351cb8cfbb4960e92a4dd9a6e203be97fde1?s=96&d=mm&r=g\",\"url\":\"https:\/\/secure.gravatar.com\/avatar\/bbcb968c18fce19c3905d5b2d8db351cb8cfbb4960e92a4dd9a6e203be97fde1?s=96&d=mm&r=g\",\"contentUrl\":\"https:\/\/secure.gravatar.com\/avatar\/bbcb968c18fce19c3905d5b2d8db351cb8cfbb4960e92a4dd9a6e203be97fde1?s=96&d=mm&r=g\",\"caption\":\"asscoupdepouce\"},\"sameAs\":[\"https:\/\/asscoupdepouce.com\"]}]}<\/script>\n<!-- \/ Yoast SEO plugin. -->","yoast_head_json":{"title":"Les Volcans \u00e9teints 2019 - Coup de Pouce","description":"Les volcans \u00e9teints : la culture pour am\u00e9liorer le mieux vivre ensemble. Du 19 au 23 octobre 2019, en partenariat avec la fondation VINCI...","robots":{"index":"index","follow":"follow","max-snippet":"max-snippet:-1","max-image-preview":"max-image-preview:large","max-video-preview":"max-video-preview:-1"},"canonical":"https:\/\/asscoupdepouce.com\/index.php\/2021\/03\/23\/les-volcans-eteints\/","og_locale":"fr_FR","og_type":"article","og_title":"Les Volcans \u00e9teints 2019 - Coup de Pouce","og_description":"Les volcans \u00e9teints : la culture pour am\u00e9liorer le mieux vivre ensemble. Du 19 au 23 octobre 2019, en partenariat avec la fondation VINCI...","og_url":"https:\/\/asscoupdepouce.com\/index.php\/2021\/03\/23\/les-volcans-eteints\/","og_site_name":"Coup de Pouce","article_publisher":"https:\/\/fr-fr.facebook.com\/Association-Coup-de-Pouce-816767501818619\/","article_published_time":"2021-03-23T15:44:52+00:00","article_modified_time":"2024-09-24T12:49:22+00:00","og_image":[{"width":2560,"height":1707,"url":"https:\/\/asscoupdepouce.com\/wp-content\/uploads\/2021\/03\/Les-volcans-eteints-scaled.jpg","type":"image\/jpeg"}],"author":"asscoupdepouce","twitter_card":"summary_large_image","twitter_misc":{"\u00c9crit par":"asscoupdepouce","Dur\u00e9e de lecture estim\u00e9e":"3 minutes"},"schema":{"@context":"https:\/\/schema.org","@graph":[{"@type":"Article","@id":"https:\/\/asscoupdepouce.com\/index.php\/2021\/03\/23\/les-volcans-eteints\/#article","isPartOf":{"@id":"https:\/\/asscoupdepouce.com\/index.php\/2021\/03\/23\/les-volcans-eteints\/"},"author":{"name":"asscoupdepouce","@id":"https:\/\/asscoupdepouce.com\/#\/schema\/person\/50f5e6107202888c4540acf69babb08e"},"headline":"Les Volcans \u00e9teints 2019","datePublished":"2021-03-23T15:44:52+00:00","dateModified":"2024-09-24T12:49:22+00:00","mainEntityOfPage":{"@id":"https:\/\/asscoupdepouce.com\/index.php\/2021\/03\/23\/les-volcans-eteints\/"},"wordCount":533,"publisher":{"@id":"https:\/\/asscoupdepouce.com\/#organization"},"image":{"@id":"https:\/\/asscoupdepouce.com\/index.php\/2021\/03\/23\/les-volcans-eteints\/#primaryimage"},"thumbnailUrl":"https:\/\/asscoupdepouce.com\/wp-content\/uploads\/2021\/03\/Les-volcans-eteints-scaled.jpg","keywords":["Amou Tati","association","association coup de pouce","Auvergne","calligraphie","Champratel","Clermont-Ferrand","conf\u00e9rence","coup de pouce","Croix-de-Neyrat","culture","Evenement","familles; solidaire","humour","Quartier nord","solidarit\u00e9","spectacle","Volcans \u00e9teints"],"articleSection":["\u00c9v\u00e9nements"],"inLanguage":"fr-FR"},{"@type":"WebPage","@id":"https:\/\/asscoupdepouce.com\/index.php\/2021\/03\/23\/les-volcans-eteints\/","url":"https:\/\/asscoupdepouce.com\/index.php\/2021\/03\/23\/les-volcans-eteints\/","name":"Les Volcans \u00e9teints 2019 - Coup de Pouce","isPartOf":{"@id":"https:\/\/asscoupdepouce.com\/#website"},"primaryImageOfPage":{"@id":"https:\/\/asscoupdepouce.com\/index.php\/2021\/03\/23\/les-volcans-eteints\/#primaryimage"},"image":{"@id":"https:\/\/asscoupdepouce.com\/index.php\/2021\/03\/23\/les-volcans-eteints\/#primaryimage"},"thumbnailUrl":"https:\/\/asscoupdepouce.com\/wp-content\/uploads\/2021\/03\/Les-volcans-eteints-scaled.jpg","datePublished":"2021-03-23T15:44:52+00:00","dateModified":"2024-09-24T12:49:22+00:00","description":"Les volcans \u00e9teints : la culture pour am\u00e9liorer le mieux vivre ensemble. Du 19 au 23 octobre 2019, en partenariat avec la fondation VINCI...","breadcrumb":{"@id":"https:\/\/asscoupdepouce.com\/index.php\/2021\/03\/23\/les-volcans-eteints\/#breadcrumb"},"inLanguage":"fr-FR","potentialAction":[{"@type":"ReadAction","target":["https:\/\/asscoupdepouce.com\/index.php\/2021\/03\/23\/les-volcans-eteints\/"]}]},{"@type":"ImageObject","inLanguage":"fr-FR","@id":"https:\/\/asscoupdepouce.com\/index.php\/2021\/03\/23\/les-volcans-eteints\/#primaryimage","url":"https:\/\/asscoupdepouce.com\/wp-content\/uploads\/2021\/03\/Les-volcans-eteints-scaled.jpg","contentUrl":"https:\/\/asscoupdepouce.com\/wp-content\/uploads\/2021\/03\/Les-volcans-eteints-scaled.jpg","width":2560,"height":1707,"caption":"Les volcans eteints buffet"},{"@type":"BreadcrumbList","@id":"https:\/\/asscoupdepouce.com\/index.php\/2021\/03\/23\/les-volcans-eteints\/#breadcrumb","itemListElement":[{"@type":"ListItem","position":1,"name":"Accueil","item":"https:\/\/asscoupdepouce.com\/"},{"@type":"ListItem","position":2,"name":"Les Volcans \u00e9teints 2019"}]},{"@type":"WebSite","@id":"https:\/\/asscoupdepouce.com\/#website","url":"https:\/\/asscoupdepouce.com\/","name":"Association Coup de Pouce","description":"L&#039;esprit de la r\u00e9ussite","publisher":{"@id":"https:\/\/asscoupdepouce.com\/#organization"},"potentialAction":[{"@type":"SearchAction","target":{"@type":"EntryPoint","urlTemplate":"https:\/\/asscoupdepouce.com\/?s={search_term_string}"},"query-input":{"@type":"PropertyValueSpecification","valueRequired":true,"valueName":"search_term_string"}}],"inLanguage":"fr-FR"},{"@type":"Organization","@id":"https:\/\/asscoupdepouce.com\/#organization","name":"Association Coup de Pouce","url":"https:\/\/asscoupdepouce.com\/","logo":{"@type":"ImageObject","inLanguage":"fr-FR","@id":"https:\/\/asscoupdepouce.com\/#\/schema\/logo\/image\/","url":"https:\/\/asscoupdepouce.com\/wp-content\/uploads\/2021\/03\/Coup-de-pouce-logo-SITE.png","contentUrl":"https:\/\/asscoupdepouce.com\/wp-content\/uploads\/2021\/03\/Coup-de-pouce-logo-SITE.png","width":2200,"height":864,"caption":"Association Coup de Pouce"},"image":{"@id":"https:\/\/asscoupdepouce.com\/#\/schema\/logo\/image\/"},"sameAs":["https:\/\/fr-fr.facebook.com\/Association-Coup-de-Pouce-816767501818619\/"]},{"@type":"Person","@id":"https:\/\/asscoupdepouce.com\/#\/schema\/person\/50f5e6107202888c4540acf69babb08e","name":"asscoupdepouce","image":{"@type":"ImageObject","inLanguage":"fr-FR","@id":"https:\/\/secure.gravatar.com\/avatar\/bbcb968c18fce19c3905d5b2d8db351cb8cfbb4960e92a4dd9a6e203be97fde1?s=96&d=mm&r=g","url":"https:\/\/secure.gravatar.com\/avatar\/bbcb968c18fce19c3905d5b2d8db351cb8cfbb4960e92a4dd9a6e203be97fde1?s=96&d=mm&r=g","contentUrl":"https:\/\/secure.gravatar.com\/avatar\/bbcb968c18fce19c3905d5b2d8db351cb8cfbb4960e92a4dd9a6e203be97fde1?s=96&d=mm&r=g","caption":"asscoupdepouce"},"sameAs":["https:\/\/asscoupdepouce.com"]}]}},"_links":{"self":[{"href":"https:\/\/asscoupdepouce.com\/index.php\/wp-json\/wp\/v2\/posts\/207","targetHints":{"allow":["GET"]}}],"collection":[{"href":"https:\/\/asscoupdepouce.com\/index.php\/wp-json\/wp\/v2\/posts"}],"about":[{"href":"https:\/\/asscoupdepouce.com\/index.php\/wp-json\/wp\/v2\/types\/post"}],"author":[{"embeddable":true,"href":"https:\/\/asscoupdepouce.com\/index.php\/wp-json\/wp\/v2\/users\/1"}],"replies":[{"embeddable":true,"href":"https:\/\/asscoupdepouce.com\/index.php\/wp-json\/wp\/v2\/comments?post=207"}],"version-history":[{"count":3,"href":"https:\/\/asscoupdepouce.com\/index.php\/wp-json\/wp\/v2\/posts\/207\/revisions"}],"predecessor-version":[{"id":621,"href":"https:\/\/asscoupdepouce.com\/index.php\/wp-json\/wp\/v2\/posts\/207\/revisions\/621"}],"wp:featuredmedia":[{"embeddable":true,"href":"https:\/\/asscoupdepouce.com\/index.php\/wp-json\/wp\/v2\/media\/71"}],"wp:attachment":[{"href":"https:\/\/asscoupdepouce.com\/index.php\/wp-json\/wp\/v2\/media?parent=207"}],"wp:term":[{"taxonomy":"category","embeddable":true,"href":"https:\/\/asscoupdepouce.com\/index.php\/wp-json\/wp\/v2\/categories?post=207"},{"taxonomy":"post_tag","embeddable":true,"href":"https:\/\/asscoupdepouce.com\/index.php\/wp-json\/wp\/v2\/tags?post=207"}],"curies":[{"name":"wp","href":"https:\/\/api.w.org\/{rel}","templated":true}]}}