{"id":624,"date":"2021-12-14T15:18:36","date_gmt":"2021-12-14T14:18:36","guid":{"rendered":"https:\/\/asscoupdepouce.com\/?p=624"},"modified":"2024-09-24T14:49:10","modified_gmt":"2024-09-24T12:49:10","slug":"les-volcans-eteints-2021","status":"publish","type":"post","link":"https:\/\/asscoupdepouce.com\/index.php\/2021\/12\/14\/les-volcans-eteints-2021\/","title":{"rendered":"Les Volcans \u00e9teints 2021"},"content":{"rendered":"<p><strong>Les volcans \u00e9teints : la culture pour am\u00e9liorer le mieux vivre ensemble<\/strong><\/p>\n<p>Cette ann\u00e9e du 17 au 31 d\u00e9cembre 2021, en partenariat avec <a href=\"http:\/\/lezartsvivants.fr\/\">la compagnie L\u00e9Z&rsquo;arts vivants<\/a>, l&rsquo;association a organis\u00e9 trois actions autour du th\u00e8me du \u00ab\u00a0vivre ensemble\u00a0\u00bb.<\/p>\n<hr \/>\n<p><em>Comment la culture peut-elle contribuer \u00e0 am\u00e9liorer le \u00ab\u00a0vivre ensemble\u00a0\u00bb ? Cr\u00e9er du lien entre les habitants, participer \u00e0 la valorisation d\u2019un territoire ? Et quelles sont les \u00ab\u00a0recettes\u00a0\u00bb \u00e0 appliquer pour y parvenir ?<\/em><\/p>\n<p>Notre r\u00e9ponse \u00e0 ces questions consiste \u00e0 la <strong>cr\u00e9ation d\u2019un espace artistique, citoyen et participatif \u00e0 travers un \u00e9v\u00e9<\/strong><strong>nement unique \u00ab les volcans \u00e9teints \u00bb<\/strong><\/p>\n<p>Il s\u2019agit d\u2019un projet d\u2019\u00e9ducation, de sensibilisation, de partage\u2026 dans et hors les murs de quartier et de l\u2019\u00e9cole, dont l\u2019originalit\u00e9 est de conjuguer les enjeux sociaux et environnementaux afin de dynamiser un projet du territoire de notre quartier, de notre ville et de l\u2019agglom\u00e9ration Clermontoise.<\/p>\n<hr \/>\n<p>&nbsp;<\/p>\n<p>Pour l&rsquo;\u00e9dition 2021 des Volcans \u00e9teints, l&rsquo;association propose, un spectacle vivant, une sortie culturelle ainsi qu&rsquo;une sortie pour prendre de la hauteur sur la ville de Clermont-Ferrand.<\/p>\n<p>&nbsp;<\/p>\n<ul>\n<li><strong>Spectacle vivant<\/strong>, <em>L\u00e9Z&rsquo;arts vivants &#8211; Au pays de No\u00ebl<\/em><\/li>\n<\/ul>\n<p style=\"text-align: center;\"><em>\u00a0<\/em><strong><img loading=\"lazy\" decoding=\"async\" class=\"wp-image-644 alignright\" src=\"https:\/\/asscoupdepouce.com\/wp-content\/uploads\/2021\/12\/spectacle-au-pays-de-noel--300x150.jpg\" alt=\"\" width=\"516\" height=\"258\" srcset=\"https:\/\/asscoupdepouce.com\/wp-content\/uploads\/2021\/12\/spectacle-au-pays-de-noel--300x150.jpg 300w, https:\/\/asscoupdepouce.com\/wp-content\/uploads\/2021\/12\/spectacle-au-pays-de-noel-.jpg 800w, https:\/\/asscoupdepouce.com\/wp-content\/uploads\/2021\/12\/spectacle-au-pays-de-noel--600x300.jpg 600w, https:\/\/asscoupdepouce.com\/wp-content\/uploads\/2021\/12\/spectacle-au-pays-de-noel--500x250.jpg 500w, https:\/\/asscoupdepouce.com\/wp-content\/uploads\/2021\/12\/spectacle-au-pays-de-noel--400x200.jpg 400w\" sizes=\"auto, (max-width: 516px) 100vw, 516px\" \/><\/strong><\/p>\n<p>Ce <a href=\"http:\/\/lezartsvivants.fr\/au-pays-de-noel.html\">spectacle musical<\/a> est d\u00e9di\u00e9 \u00e0 la magie et la f\u00e9erie de No\u00ebl. Interactif et festif, ce spectacle de cin\u00e9ma-th\u00e9\u00e2tre m\u00eale effets audiovisuels, chansons et th\u00e9\u00e2tre. Il se d\u00e9roule mercredi 22 d\u00e9cembre 2021 \u00e0 16h, \u00e0 La Petite Gaillarde. Les inscrits pourront b\u00e9n\u00e9ficier du tarif associatif pour le spectacle.<\/p>\n<p>&nbsp;<\/p>\n<p>&nbsp;<\/p>\n<ul>\n<li><strong>Sortie Culturelle<\/strong>,<em> Place de cin\u00e9ma\u00a0 \u00a0 <\/em><img loading=\"lazy\" decoding=\"async\" class=\"alignnone wp-image-647\" src=\"https:\/\/asscoupdepouce.com\/wp-content\/uploads\/2021\/12\/acheter-une-place-de-cinema-300x252.jpg\" alt=\"\" width=\"57\" height=\"48\" srcset=\"https:\/\/asscoupdepouce.com\/wp-content\/uploads\/2021\/12\/acheter-une-place-de-cinema-300x252.jpg 300w, https:\/\/asscoupdepouce.com\/wp-content\/uploads\/2021\/12\/acheter-une-place-de-cinema.jpg 440w, https:\/\/asscoupdepouce.com\/wp-content\/uploads\/2021\/12\/acheter-une-place-de-cinema-400x336.jpg 400w\" sizes=\"auto, (max-width: 57px) 100vw, 57px\" \/><\/li>\n<\/ul>\n<p><img loading=\"lazy\" decoding=\"async\" class=\"wp-image-648 alignleft\" src=\"https:\/\/asscoupdepouce.com\/wp-content\/uploads\/2021\/12\/salle-de-cinema-300x225.jpg\" alt=\"\" width=\"305\" height=\"229\" srcset=\"https:\/\/asscoupdepouce.com\/wp-content\/uploads\/2021\/12\/salle-de-cinema-300x225.jpg 300w, https:\/\/asscoupdepouce.com\/wp-content\/uploads\/2021\/12\/salle-de-cinema-1024x768.jpg 1024w, https:\/\/asscoupdepouce.com\/wp-content\/uploads\/2021\/12\/salle-de-cinema-533x400.jpg 533w, https:\/\/asscoupdepouce.com\/wp-content\/uploads\/2021\/12\/salle-de-cinema-500x375.jpg 500w, https:\/\/asscoupdepouce.com\/wp-content\/uploads\/2021\/12\/salle-de-cinema-400x300.jpg 400w, https:\/\/asscoupdepouce.com\/wp-content\/uploads\/2021\/12\/salle-de-cinema-scaled.jpg 1820w\" sizes=\"auto, (max-width: 305px) 100vw, 305px\" \/><\/p>\n<p>&nbsp;<\/p>\n<p>L&rsquo;association offre des places de cin\u00e9ma aux jeunes des quartiers nord de Clermont-Ferrand \u00e9tant inscrit au soutien scolaire. Un moyen d&rsquo;aborder le cin\u00e9ma avec le jeune public.<\/p>\n<p>&nbsp;<\/p>\n<p>&nbsp;<\/p>\n<p>&nbsp;<\/p>\n<p>&nbsp;<\/p>\n<ul>\n<li><strong>Prendre de la hauteur sur la ville<\/strong>, <em>Grande roue<\/em><img loading=\"lazy\" decoding=\"async\" class=\" wp-image-646 alignright\" src=\"https:\/\/asscoupdepouce.com\/wp-content\/uploads\/2021\/12\/grande-roue-300x169.jpg\" alt=\"\" width=\"489\" height=\"276\" srcset=\"https:\/\/asscoupdepouce.com\/wp-content\/uploads\/2021\/12\/grande-roue-300x169.jpg 300w, https:\/\/asscoupdepouce.com\/wp-content\/uploads\/2021\/12\/grande-roue-1024x576.jpg 1024w, https:\/\/asscoupdepouce.com\/wp-content\/uploads\/2021\/12\/grande-roue-600x338.jpg 600w, https:\/\/asscoupdepouce.com\/wp-content\/uploads\/2021\/12\/grande-roue-500x281.jpg 500w, https:\/\/asscoupdepouce.com\/wp-content\/uploads\/2021\/12\/grande-roue-400x225.jpg 400w, https:\/\/asscoupdepouce.com\/wp-content\/uploads\/2021\/12\/grande-roue.jpg 1600w\" sizes=\"auto, (max-width: 489px) 100vw, 489px\" \/><\/li>\n<\/ul>\n<p>Illumin\u00e9 de centaines de leds incandescents, elle brille pour la magie de No\u00ebl et le bonheur des petits et des grands. Une vue magnifique sur une partie de la ville se d\u00e9voile sous nos yeux.<\/p>\n","protected":false},"excerpt":{"rendered":"<p>Les volcans \u00e9teints : la culture pour am\u00e9liorer le mieux vivre ensemble Cette ann\u00e9e du 17 au 31 d\u00e9cembre 2021, en partenariat avec la compagnie L\u00e9Z&rsquo;arts vivants, l&rsquo;association a organis\u00e9 trois actions autour du th\u00e8me du \u00ab\u00a0vivre ensemble\u00a0\u00bb. Comment la culture peut-elle contribuer \u00e0 am\u00e9liorer le \u00ab\u00a0vivre ensemble\u00a0\u00bb ? Cr\u00e9er du lien entre les habitants,&#8230;<\/p>\n","protected":false},"author":1,"featured_media":650,"comment_status":"closed","ping_status":"closed","sticky":false,"template":"","format":"standard","meta":{"footnotes":""},"categories":[129],"tags":[],"class_list":["post-624","post","type-post","status-publish","format-standard","has-post-thumbnail","hentry","category-evenements"],"yoast_head":"<!-- This site is optimized with the Yoast SEO plugin v27.2 - https:\/\/yoast.com\/product\/yoast-seo-wordpress\/ -->\n<title>Les Volcans \u00e9teints 2021 - Coup de Pouce<\/title>\n<meta name=\"robots\" content=\"index, follow, max-snippet:-1, max-image-preview:large, max-video-preview:-1\" \/>\n<link rel=\"canonical\" href=\"https:\/\/asscoupdepouce.com\/index.php\/2021\/12\/14\/les-volcans-eteints-2021\/\" \/>\n<meta property=\"og:locale\" content=\"fr_FR\" \/>\n<meta property=\"og:type\" content=\"article\" \/>\n<meta property=\"og:title\" content=\"Les Volcans \u00e9teints 2021 - Coup de Pouce\" \/>\n<meta property=\"og:description\" content=\"Les volcans \u00e9teints : la culture pour am\u00e9liorer le mieux vivre ensemble Cette ann\u00e9e du 17 au 31 d\u00e9cembre 2021, en partenariat avec la compagnie L\u00e9Z&rsquo;arts vivants, l&rsquo;association a organis\u00e9 trois actions autour du th\u00e8me du \u00ab\u00a0vivre ensemble\u00a0\u00bb. Comment la culture peut-elle contribuer \u00e0 am\u00e9liorer le \u00ab\u00a0vivre ensemble\u00a0\u00bb ? Cr\u00e9er du lien entre les habitants,...\" \/>\n<meta property=\"og:url\" content=\"https:\/\/asscoupdepouce.com\/index.php\/2021\/12\/14\/les-volcans-eteints-2021\/\" \/>\n<meta property=\"og:site_name\" content=\"Coup de Pouce\" \/>\n<meta property=\"article:publisher\" content=\"https:\/\/fr-fr.facebook.com\/Association-Coup-de-Pouce-816767501818619\/\" \/>\n<meta property=\"article:published_time\" content=\"2021-12-14T14:18:36+00:00\" \/>\n<meta property=\"article:modified_time\" content=\"2024-09-24T12:49:10+00:00\" \/>\n<meta name=\"author\" content=\"asscoupdepouce\" \/>\n<meta name=\"twitter:card\" content=\"summary_large_image\" \/>\n<meta name=\"twitter:label1\" content=\"\u00c9crit par\" \/>\n\t<meta name=\"twitter:data1\" content=\"asscoupdepouce\" \/>\n\t<meta name=\"twitter:label2\" content=\"Dur\u00e9e de lecture estim\u00e9e\" \/>\n\t<meta name=\"twitter:data2\" content=\"3 minutes\" \/>\n<script type=\"application\/ld+json\" class=\"yoast-schema-graph\">{\"@context\":\"https:\/\/schema.org\",\"@graph\":[{\"@type\":\"Article\",\"@id\":\"https:\/\/asscoupdepouce.com\/index.php\/2021\/12\/14\/les-volcans-eteints-2021\/#article\",\"isPartOf\":{\"@id\":\"https:\/\/asscoupdepouce.com\/index.php\/2021\/12\/14\/les-volcans-eteints-2021\/\"},\"author\":{\"name\":\"asscoupdepouce\",\"@id\":\"https:\/\/asscoupdepouce.com\/#\/schema\/person\/50f5e6107202888c4540acf69babb08e\"},\"headline\":\"Les Volcans \u00e9teints 2021\",\"datePublished\":\"2021-12-14T14:18:36+00:00\",\"dateModified\":\"2024-09-24T12:49:10+00:00\",\"mainEntityOfPage\":{\"@id\":\"https:\/\/asscoupdepouce.com\/index.php\/2021\/12\/14\/les-volcans-eteints-2021\/\"},\"wordCount\":334,\"publisher\":{\"@id\":\"https:\/\/asscoupdepouce.com\/#organization\"},\"image\":{\"@id\":\"https:\/\/asscoupdepouce.com\/index.php\/2021\/12\/14\/les-volcans-eteints-2021\/#primaryimage\"},\"thumbnailUrl\":\"https:\/\/asscoupdepouce.com\/wp-content\/uploads\/2021\/12\/Sans-titre-1-pdf.jpg\",\"articleSection\":[\"\u00c9v\u00e9nements\"],\"inLanguage\":\"fr-FR\"},{\"@type\":\"WebPage\",\"@id\":\"https:\/\/asscoupdepouce.com\/index.php\/2021\/12\/14\/les-volcans-eteints-2021\/\",\"url\":\"https:\/\/asscoupdepouce.com\/index.php\/2021\/12\/14\/les-volcans-eteints-2021\/\",\"name\":\"Les Volcans \u00e9teints 2021 - Coup de Pouce\",\"isPartOf\":{\"@id\":\"https:\/\/asscoupdepouce.com\/#website\"},\"primaryImageOfPage\":{\"@id\":\"https:\/\/asscoupdepouce.com\/index.php\/2021\/12\/14\/les-volcans-eteints-2021\/#primaryimage\"},\"image\":{\"@id\":\"https:\/\/asscoupdepouce.com\/index.php\/2021\/12\/14\/les-volcans-eteints-2021\/#primaryimage\"},\"thumbnailUrl\":\"https:\/\/asscoupdepouce.com\/wp-content\/uploads\/2021\/12\/Sans-titre-1-pdf.jpg\",\"datePublished\":\"2021-12-14T14:18:36+00:00\",\"dateModified\":\"2024-09-24T12:49:10+00:00\",\"breadcrumb\":{\"@id\":\"https:\/\/asscoupdepouce.com\/index.php\/2021\/12\/14\/les-volcans-eteints-2021\/#breadcrumb\"},\"inLanguage\":\"fr-FR\",\"potentialAction\":[{\"@type\":\"ReadAction\",\"target\":[\"https:\/\/asscoupdepouce.com\/index.php\/2021\/12\/14\/les-volcans-eteints-2021\/\"]}]},{\"@type\":\"ImageObject\",\"inLanguage\":\"fr-FR\",\"@id\":\"https:\/\/asscoupdepouce.com\/index.php\/2021\/12\/14\/les-volcans-eteints-2021\/#primaryimage\",\"url\":\"https:\/\/asscoupdepouce.com\/wp-content\/uploads\/2021\/12\/Sans-titre-1-pdf.jpg\",\"contentUrl\":\"https:\/\/asscoupdepouce.com\/wp-content\/uploads\/2021\/12\/Sans-titre-1-pdf.jpg\"},{\"@type\":\"BreadcrumbList\",\"@id\":\"https:\/\/asscoupdepouce.com\/index.php\/2021\/12\/14\/les-volcans-eteints-2021\/#breadcrumb\",\"itemListElement\":[{\"@type\":\"ListItem\",\"position\":1,\"name\":\"Accueil\",\"item\":\"https:\/\/asscoupdepouce.com\/\"},{\"@type\":\"ListItem\",\"position\":2,\"name\":\"Les Volcans \u00e9teints 2021\"}]},{\"@type\":\"WebSite\",\"@id\":\"https:\/\/asscoupdepouce.com\/#website\",\"url\":\"https:\/\/asscoupdepouce.com\/\",\"name\":\"Association Coup de Pouce\",\"description\":\"L&#039;esprit de la r\u00e9ussite\",\"publisher\":{\"@id\":\"https:\/\/asscoupdepouce.com\/#organization\"},\"potentialAction\":[{\"@type\":\"SearchAction\",\"target\":{\"@type\":\"EntryPoint\",\"urlTemplate\":\"https:\/\/asscoupdepouce.com\/?s={search_term_string}\"},\"query-input\":{\"@type\":\"PropertyValueSpecification\",\"valueRequired\":true,\"valueName\":\"search_term_string\"}}],\"inLanguage\":\"fr-FR\"},{\"@type\":\"Organization\",\"@id\":\"https:\/\/asscoupdepouce.com\/#organization\",\"name\":\"Association Coup de Pouce\",\"url\":\"https:\/\/asscoupdepouce.com\/\",\"logo\":{\"@type\":\"ImageObject\",\"inLanguage\":\"fr-FR\",\"@id\":\"https:\/\/asscoupdepouce.com\/#\/schema\/logo\/image\/\",\"url\":\"https:\/\/asscoupdepouce.com\/wp-content\/uploads\/2021\/03\/Coup-de-pouce-logo-SITE.png\",\"contentUrl\":\"https:\/\/asscoupdepouce.com\/wp-content\/uploads\/2021\/03\/Coup-de-pouce-logo-SITE.png\",\"width\":2200,\"height\":864,\"caption\":\"Association Coup de Pouce\"},\"image\":{\"@id\":\"https:\/\/asscoupdepouce.com\/#\/schema\/logo\/image\/\"},\"sameAs\":[\"https:\/\/fr-fr.facebook.com\/Association-Coup-de-Pouce-816767501818619\/\"]},{\"@type\":\"Person\",\"@id\":\"https:\/\/asscoupdepouce.com\/#\/schema\/person\/50f5e6107202888c4540acf69babb08e\",\"name\":\"asscoupdepouce\",\"image\":{\"@type\":\"ImageObject\",\"inLanguage\":\"fr-FR\",\"@id\":\"https:\/\/secure.gravatar.com\/avatar\/bbcb968c18fce19c3905d5b2d8db351cb8cfbb4960e92a4dd9a6e203be97fde1?s=96&d=mm&r=g\",\"url\":\"https:\/\/secure.gravatar.com\/avatar\/bbcb968c18fce19c3905d5b2d8db351cb8cfbb4960e92a4dd9a6e203be97fde1?s=96&d=mm&r=g\",\"contentUrl\":\"https:\/\/secure.gravatar.com\/avatar\/bbcb968c18fce19c3905d5b2d8db351cb8cfbb4960e92a4dd9a6e203be97fde1?s=96&d=mm&r=g\",\"caption\":\"asscoupdepouce\"},\"sameAs\":[\"https:\/\/asscoupdepouce.com\"]}]}<\/script>\n<!-- \/ Yoast SEO plugin. -->","yoast_head_json":{"title":"Les Volcans \u00e9teints 2021 - Coup de Pouce","robots":{"index":"index","follow":"follow","max-snippet":"max-snippet:-1","max-image-preview":"max-image-preview:large","max-video-preview":"max-video-preview:-1"},"canonical":"https:\/\/asscoupdepouce.com\/index.php\/2021\/12\/14\/les-volcans-eteints-2021\/","og_locale":"fr_FR","og_type":"article","og_title":"Les Volcans \u00e9teints 2021 - Coup de Pouce","og_description":"Les volcans \u00e9teints : la culture pour am\u00e9liorer le mieux vivre ensemble Cette ann\u00e9e du 17 au 31 d\u00e9cembre 2021, en partenariat avec la compagnie L\u00e9Z&rsquo;arts vivants, l&rsquo;association a organis\u00e9 trois actions autour du th\u00e8me du \u00ab\u00a0vivre ensemble\u00a0\u00bb. Comment la culture peut-elle contribuer \u00e0 am\u00e9liorer le \u00ab\u00a0vivre ensemble\u00a0\u00bb ? Cr\u00e9er du lien entre les habitants,...","og_url":"https:\/\/asscoupdepouce.com\/index.php\/2021\/12\/14\/les-volcans-eteints-2021\/","og_site_name":"Coup de Pouce","article_publisher":"https:\/\/fr-fr.facebook.com\/Association-Coup-de-Pouce-816767501818619\/","article_published_time":"2021-12-14T14:18:36+00:00","article_modified_time":"2024-09-24T12:49:10+00:00","author":"asscoupdepouce","twitter_card":"summary_large_image","twitter_misc":{"\u00c9crit par":"asscoupdepouce","Dur\u00e9e de lecture estim\u00e9e":"3 minutes"},"schema":{"@context":"https:\/\/schema.org","@graph":[{"@type":"Article","@id":"https:\/\/asscoupdepouce.com\/index.php\/2021\/12\/14\/les-volcans-eteints-2021\/#article","isPartOf":{"@id":"https:\/\/asscoupdepouce.com\/index.php\/2021\/12\/14\/les-volcans-eteints-2021\/"},"author":{"name":"asscoupdepouce","@id":"https:\/\/asscoupdepouce.com\/#\/schema\/person\/50f5e6107202888c4540acf69babb08e"},"headline":"Les Volcans \u00e9teints 2021","datePublished":"2021-12-14T14:18:36+00:00","dateModified":"2024-09-24T12:49:10+00:00","mainEntityOfPage":{"@id":"https:\/\/asscoupdepouce.com\/index.php\/2021\/12\/14\/les-volcans-eteints-2021\/"},"wordCount":334,"publisher":{"@id":"https:\/\/asscoupdepouce.com\/#organization"},"image":{"@id":"https:\/\/asscoupdepouce.com\/index.php\/2021\/12\/14\/les-volcans-eteints-2021\/#primaryimage"},"thumbnailUrl":"https:\/\/asscoupdepouce.com\/wp-content\/uploads\/2021\/12\/Sans-titre-1-pdf.jpg","articleSection":["\u00c9v\u00e9nements"],"inLanguage":"fr-FR"},{"@type":"WebPage","@id":"https:\/\/asscoupdepouce.com\/index.php\/2021\/12\/14\/les-volcans-eteints-2021\/","url":"https:\/\/asscoupdepouce.com\/index.php\/2021\/12\/14\/les-volcans-eteints-2021\/","name":"Les Volcans \u00e9teints 2021 - Coup de Pouce","isPartOf":{"@id":"https:\/\/asscoupdepouce.com\/#website"},"primaryImageOfPage":{"@id":"https:\/\/asscoupdepouce.com\/index.php\/2021\/12\/14\/les-volcans-eteints-2021\/#primaryimage"},"image":{"@id":"https:\/\/asscoupdepouce.com\/index.php\/2021\/12\/14\/les-volcans-eteints-2021\/#primaryimage"},"thumbnailUrl":"https:\/\/asscoupdepouce.com\/wp-content\/uploads\/2021\/12\/Sans-titre-1-pdf.jpg","datePublished":"2021-12-14T14:18:36+00:00","dateModified":"2024-09-24T12:49:10+00:00","breadcrumb":{"@id":"https:\/\/asscoupdepouce.com\/index.php\/2021\/12\/14\/les-volcans-eteints-2021\/#breadcrumb"},"inLanguage":"fr-FR","potentialAction":[{"@type":"ReadAction","target":["https:\/\/asscoupdepouce.com\/index.php\/2021\/12\/14\/les-volcans-eteints-2021\/"]}]},{"@type":"ImageObject","inLanguage":"fr-FR","@id":"https:\/\/asscoupdepouce.com\/index.php\/2021\/12\/14\/les-volcans-eteints-2021\/#primaryimage","url":"https:\/\/asscoupdepouce.com\/wp-content\/uploads\/2021\/12\/Sans-titre-1-pdf.jpg","contentUrl":"https:\/\/asscoupdepouce.com\/wp-content\/uploads\/2021\/12\/Sans-titre-1-pdf.jpg"},{"@type":"BreadcrumbList","@id":"https:\/\/asscoupdepouce.com\/index.php\/2021\/12\/14\/les-volcans-eteints-2021\/#breadcrumb","itemListElement":[{"@type":"ListItem","position":1,"name":"Accueil","item":"https:\/\/asscoupdepouce.com\/"},{"@type":"ListItem","position":2,"name":"Les Volcans \u00e9teints 2021"}]},{"@type":"WebSite","@id":"https:\/\/asscoupdepouce.com\/#website","url":"https:\/\/asscoupdepouce.com\/","name":"Association Coup de Pouce","description":"L&#039;esprit de la r\u00e9ussite","publisher":{"@id":"https:\/\/asscoupdepouce.com\/#organization"},"potentialAction":[{"@type":"SearchAction","target":{"@type":"EntryPoint","urlTemplate":"https:\/\/asscoupdepouce.com\/?s={search_term_string}"},"query-input":{"@type":"PropertyValueSpecification","valueRequired":true,"valueName":"search_term_string"}}],"inLanguage":"fr-FR"},{"@type":"Organization","@id":"https:\/\/asscoupdepouce.com\/#organization","name":"Association Coup de Pouce","url":"https:\/\/asscoupdepouce.com\/","logo":{"@type":"ImageObject","inLanguage":"fr-FR","@id":"https:\/\/asscoupdepouce.com\/#\/schema\/logo\/image\/","url":"https:\/\/asscoupdepouce.com\/wp-content\/uploads\/2021\/03\/Coup-de-pouce-logo-SITE.png","contentUrl":"https:\/\/asscoupdepouce.com\/wp-content\/uploads\/2021\/03\/Coup-de-pouce-logo-SITE.png","width":2200,"height":864,"caption":"Association Coup de Pouce"},"image":{"@id":"https:\/\/asscoupdepouce.com\/#\/schema\/logo\/image\/"},"sameAs":["https:\/\/fr-fr.facebook.com\/Association-Coup-de-Pouce-816767501818619\/"]},{"@type":"Person","@id":"https:\/\/asscoupdepouce.com\/#\/schema\/person\/50f5e6107202888c4540acf69babb08e","name":"asscoupdepouce","image":{"@type":"ImageObject","inLanguage":"fr-FR","@id":"https:\/\/secure.gravatar.com\/avatar\/bbcb968c18fce19c3905d5b2d8db351cb8cfbb4960e92a4dd9a6e203be97fde1?s=96&d=mm&r=g","url":"https:\/\/secure.gravatar.com\/avatar\/bbcb968c18fce19c3905d5b2d8db351cb8cfbb4960e92a4dd9a6e203be97fde1?s=96&d=mm&r=g","contentUrl":"https:\/\/secure.gravatar.com\/avatar\/bbcb968c18fce19c3905d5b2d8db351cb8cfbb4960e92a4dd9a6e203be97fde1?s=96&d=mm&r=g","caption":"asscoupdepouce"},"sameAs":["https:\/\/asscoupdepouce.com"]}]}},"_links":{"self":[{"href":"https:\/\/asscoupdepouce.com\/index.php\/wp-json\/wp\/v2\/posts\/624","targetHints":{"allow":["GET"]}}],"collection":[{"href":"https:\/\/asscoupdepouce.com\/index.php\/wp-json\/wp\/v2\/posts"}],"about":[{"href":"https:\/\/asscoupdepouce.com\/index.php\/wp-json\/wp\/v2\/types\/post"}],"author":[{"embeddable":true,"href":"https:\/\/asscoupdepouce.com\/index.php\/wp-json\/wp\/v2\/users\/1"}],"replies":[{"embeddable":true,"href":"https:\/\/asscoupdepouce.com\/index.php\/wp-json\/wp\/v2\/comments?post=624"}],"version-history":[{"count":5,"href":"https:\/\/asscoupdepouce.com\/index.php\/wp-json\/wp\/v2\/posts\/624\/revisions"}],"predecessor-version":[{"id":645,"href":"https:\/\/asscoupdepouce.com\/index.php\/wp-json\/wp\/v2\/posts\/624\/revisions\/645"}],"wp:featuredmedia":[{"embeddable":true,"href":"https:\/\/asscoupdepouce.com\/index.php\/wp-json\/wp\/v2\/media\/650"}],"wp:attachment":[{"href":"https:\/\/asscoupdepouce.com\/index.php\/wp-json\/wp\/v2\/media?parent=624"}],"wp:term":[{"taxonomy":"category","embeddable":true,"href":"https:\/\/asscoupdepouce.com\/index.php\/wp-json\/wp\/v2\/categories?post=624"},{"taxonomy":"post_tag","embeddable":true,"href":"https:\/\/asscoupdepouce.com\/index.php\/wp-json\/wp\/v2\/tags?post=624"}],"curies":[{"name":"wp","href":"https:\/\/api.w.org\/{rel}","templated":true}]}}