{"id":799,"date":"2023-03-13T15:03:01","date_gmt":"2023-03-13T14:03:01","guid":{"rendered":"https:\/\/asscoupdepouce.com\/?p=799"},"modified":"2024-09-24T14:47:40","modified_gmt":"2024-09-24T12:47:40","slug":"vacances-dhiver-coup-de-pouce","status":"publish","type":"post","link":"https:\/\/asscoupdepouce.com\/index.php\/2023\/03\/13\/vacances-dhiver-coup-de-pouce\/","title":{"rendered":"Vacances d&rsquo;Hiver Coup de Pouce"},"content":{"rendered":"<p><strong><span style=\"color: #3366ff;\"><em><span id=\"p51\">\u00c0 l&rsquo;occasion des vacances d&rsquo;hiver, l&rsquo;association Coup de Pouce a organis\u00e9 des activit\u00e9s de loisirs pour les enfants inscrits \u00e0 l&rsquo;aide aux devoirs.<\/span><\/em><\/span><\/strong><\/p>\n<p><strong><span style=\"color: #3366ff;\"><em><span id=\"p51\"><img loading=\"lazy\" decoding=\"async\" class=\"alignnone size-medium wp-image-810\" src=\"https:\/\/asscoupdepouce.com\/wp-content\/uploads\/2023\/03\/3-min-300x200.jpg\" alt=\"\" width=\"300\" height=\"200\" srcset=\"https:\/\/asscoupdepouce.com\/wp-content\/uploads\/2023\/03\/3-min-300x200.jpg 300w, https:\/\/asscoupdepouce.com\/wp-content\/uploads\/2023\/03\/3-min-1024x683.jpg 1024w, https:\/\/asscoupdepouce.com\/wp-content\/uploads\/2023\/03\/3-min-600x400.jpg 600w, https:\/\/asscoupdepouce.com\/wp-content\/uploads\/2023\/03\/3-min-500x333.jpg 500w, https:\/\/asscoupdepouce.com\/wp-content\/uploads\/2023\/03\/3-min-400x267.jpg 400w, https:\/\/asscoupdepouce.com\/wp-content\/uploads\/2023\/03\/3-min-scaled.jpg 1820w\" sizes=\"auto, (max-width: 300px) 100vw, 300px\" \/> <img loading=\"lazy\" decoding=\"async\" class=\"alignnone size-medium wp-image-811\" src=\"https:\/\/asscoupdepouce.com\/wp-content\/uploads\/2023\/03\/2-min-300x200.jpg\" alt=\"\" width=\"300\" height=\"200\" srcset=\"https:\/\/asscoupdepouce.com\/wp-content\/uploads\/2023\/03\/2-min-300x200.jpg 300w, https:\/\/asscoupdepouce.com\/wp-content\/uploads\/2023\/03\/2-min-1024x683.jpg 1024w, https:\/\/asscoupdepouce.com\/wp-content\/uploads\/2023\/03\/2-min-600x400.jpg 600w, https:\/\/asscoupdepouce.com\/wp-content\/uploads\/2023\/03\/2-min-500x333.jpg 500w, https:\/\/asscoupdepouce.com\/wp-content\/uploads\/2023\/03\/2-min-400x267.jpg 400w, https:\/\/asscoupdepouce.com\/wp-content\/uploads\/2023\/03\/2-min-scaled.jpg 1820w\" sizes=\"auto, (max-width: 300px) 100vw, 300px\" \/> <img loading=\"lazy\" decoding=\"async\" class=\"alignnone size-medium wp-image-812\" src=\"https:\/\/asscoupdepouce.com\/wp-content\/uploads\/2023\/03\/1-min-300x200.jpg\" alt=\"\" width=\"300\" height=\"200\" srcset=\"https:\/\/asscoupdepouce.com\/wp-content\/uploads\/2023\/03\/1-min-300x200.jpg 300w, https:\/\/asscoupdepouce.com\/wp-content\/uploads\/2023\/03\/1-min-1024x683.jpg 1024w, https:\/\/asscoupdepouce.com\/wp-content\/uploads\/2023\/03\/1-min-600x400.jpg 600w, https:\/\/asscoupdepouce.com\/wp-content\/uploads\/2023\/03\/1-min-500x333.jpg 500w, https:\/\/asscoupdepouce.com\/wp-content\/uploads\/2023\/03\/1-min-400x267.jpg 400w, https:\/\/asscoupdepouce.com\/wp-content\/uploads\/2023\/03\/1-min-scaled.jpg 1820w\" sizes=\"auto, (max-width: 300px) 100vw, 300px\" \/><\/span><\/em><\/span><\/strong><\/p>\n<p><span id=\"p52\">Le but \u00e9tant de partager des moments tous ensemble dans le cadre extrascolaire.<\/span><span id=\"p53\">\u00a0Nous tenons \u00e0 mettre un point d&rsquo;honneur \u00e0 entretenir les liens \u00e9motionnels qui nous lient aux enfants.<\/span><span id=\"p54\">\u00a0Quoi de mieux que de rigoler ensemble pendant les vacances ?<\/span><span id=\"p55\">\u00a0Alors ?<\/span><span id=\"p56\">\u00a0Curieux de d\u00e9couvrir notre programme ?<\/span><\/p>\n<hr \/>\n<p><span id=\"p57\">Nous avons pu tout d&rsquo;abord profiter d&rsquo;une jolie balade sur le sentier du <strong>Puy\u00a0<span id=\"71\" class=\"s-rg\">Pariou<\/span><\/strong>\u00a0avant d&rsquo;\u00e9changer un go\u00fbter pr\u00e9par\u00e9 par l&rsquo;association.<\/span><span id=\"p58\">\u00a0Les sportifs \u00e9taient de sortie et les cascadeurs aussi, c&rsquo;\u00e9tait une randonn\u00e9e haut en couleur.<\/span><span id=\"p59\">\u00a0Chacun a pris le temps qu&rsquo;il lui fallait et l&rsquo;ascension \u00e0 durer plus d&rsquo;une heure et demie !<\/span><span id=\"p60\"> Heureusement, le beau temps \u00e9tait avec nous, on a pu se retrouver sous le beau soleil de la cha\u00eene des puys.<\/span><\/p>\n<hr \/>\n<p><img loading=\"lazy\" decoding=\"async\" class=\"size-medium wp-image-804 alignleft\" src=\"https:\/\/asscoupdepouce.com\/wp-content\/uploads\/2023\/03\/Capture-decrans_20230313-115429-002-228x300.png\" alt=\"\" width=\"228\" height=\"300\" srcset=\"https:\/\/asscoupdepouce.com\/wp-content\/uploads\/2023\/03\/Capture-decrans_20230313-115429-002-228x300.png 228w, https:\/\/asscoupdepouce.com\/wp-content\/uploads\/2023\/03\/Capture-decrans_20230313-115429-002.png 719w, https:\/\/asscoupdepouce.com\/wp-content\/uploads\/2023\/03\/Capture-decrans_20230313-115429-002-304x400.png 304w, https:\/\/asscoupdepouce.com\/wp-content\/uploads\/2023\/03\/Capture-decrans_20230313-115429-002-380x500.png 380w\" sizes=\"auto, (max-width: 228px) 100vw, 228px\" \/><\/p>\n<p>&nbsp;<\/p>\n<p><span id=\"p61\">Nous avo<\/span>ns ensuite \u00e9t\u00e9 accueillis par le <strong>cin\u00e9ma le Rio<\/strong> de Clermont-Ferrand afin de visionner le film \u00ab\u00a0<strong><em>Dounia et la princesse d&rsquo;Alep<\/em><\/strong>\u00a0\u00bb un film tr\u00e8s \u00e9mouvant qui a su suscit\u00e9 un bouleversement chez\u00a0<span id=\"72\" class=\"s-rg\">petits<\/span>\u00a0et grands.<span id=\"p62\">\u00a0Nous avons ensuite profit\u00e9 d&rsquo;un go\u00fbter aux saveurs d&rsquo;Orient.<\/span><span id=\"p63\">\u00a0On s&rsquo;est r\u00e9gal\u00e9 gr\u00e2ce aux divers petits desserts et \u00e0 des boissons fra\u00eeches.<\/span><\/p>\n<p>&nbsp;<\/p>\n<p>&nbsp;<\/p>\n<p>&nbsp;<\/p>\n<hr \/>\n<p><span id=\"p64\">Pour terminer notre semaine d&rsquo;activit\u00e9s, nous avons d\u00e9cid\u00e9 de nous affronter en deux \u00e9quipes au<strong> laser et jump d&rsquo;Aubi\u00e8re<\/strong> !<\/span><span id=\"p65\">\u00a02 parties qui ont su r\u00e9veiller les esprits comp\u00e9titeurs de certains, tandis que d&rsquo;autres choisissaient une strat\u00e9gie d&rsquo;\u00e9quipe.<\/span><span id=\"p66\"> Une comp\u00e9tition attendrissante qui a su r\u00e9v\u00e9ler les <\/span>\u00e2mes protectrices quant \u00e0 la d\u00e9fense et l&rsquo;accompagnant des plus jeunes adversaires.<\/p>\n<p><img loading=\"lazy\" decoding=\"async\" class=\"alignnone size-medium wp-image-801\" src=\"https:\/\/asscoupdepouce.com\/wp-content\/uploads\/2023\/03\/Capture-decrans_20230313-115345-002-300x225.png\" alt=\"\" width=\"300\" height=\"225\" srcset=\"https:\/\/asscoupdepouce.com\/wp-content\/uploads\/2023\/03\/Capture-decrans_20230313-115345-002-300x225.png 300w, https:\/\/asscoupdepouce.com\/wp-content\/uploads\/2023\/03\/Capture-decrans_20230313-115345-002.png 720w, https:\/\/asscoupdepouce.com\/wp-content\/uploads\/2023\/03\/Capture-decrans_20230313-115345-002-534x400.png 534w, https:\/\/asscoupdepouce.com\/wp-content\/uploads\/2023\/03\/Capture-decrans_20230313-115345-002-500x374.png 500w, https:\/\/asscoupdepouce.com\/wp-content\/uploads\/2023\/03\/Capture-decrans_20230313-115345-002-400x299.png 400w\" sizes=\"auto, (max-width: 300px) 100vw, 300px\" \/>\u00a0 \u00a0 \u00a0 \u00a0 \u00a0 \u00a0 \u00a0 \u00a0 \u00a0 \u00a0 \u00a0 \u00a0 \u00a0 \u00a0<img loading=\"lazy\" decoding=\"async\" class=\"alignnone size-medium wp-image-803\" src=\"https:\/\/asscoupdepouce.com\/wp-content\/uploads\/2023\/03\/Capture-decrans_20230313-115402-003-225x300.png\" alt=\"\" width=\"225\" height=\"300\" srcset=\"https:\/\/asscoupdepouce.com\/wp-content\/uploads\/2023\/03\/Capture-decrans_20230313-115402-003-225x300.png 225w, https:\/\/asscoupdepouce.com\/wp-content\/uploads\/2023\/03\/Capture-decrans_20230313-115402-003.png 720w, https:\/\/asscoupdepouce.com\/wp-content\/uploads\/2023\/03\/Capture-decrans_20230313-115402-003-300x400.png 300w, https:\/\/asscoupdepouce.com\/wp-content\/uploads\/2023\/03\/Capture-decrans_20230313-115402-003-375x500.png 375w\" sizes=\"auto, (max-width: 225px) 100vw, 225px\" \/><\/p>\n<p><span id=\"p67\">Une semaine pleine de souvenirs qu&rsquo;on n&rsquo;est pas pr\u00eat d&rsquo;oublier de si t\u00f4t !<\/span><\/p>\n<p><span id=\"p69\">Alors ?<\/span><span id=\"p70\">\u00a0Vous aussi vous souhaitez participer aux vacances Coup de Pouce ?<\/span><span id=\"p20\">\u00a0;<\/span><span id=\"p21\">)<\/span><\/p>\n","protected":false},"excerpt":{"rendered":"<p>\u00c0 l&rsquo;occasion des vacances d&rsquo;hiver, l&rsquo;association Coup de Pouce a organis\u00e9 des activit\u00e9s de loisirs pour les enfants inscrits \u00e0 l&rsquo;aide aux devoirs. Le but \u00e9tant de partager des moments tous ensemble dans le cadre extrascolaire.\u00a0Nous tenons \u00e0 mettre un point d&rsquo;honneur \u00e0 entretenir les liens \u00e9motionnels qui nous lient aux enfants.\u00a0Quoi de mieux que&#8230;<\/p>\n","protected":false},"author":1,"featured_media":811,"comment_status":"closed","ping_status":"closed","sticky":false,"template":"","format":"standard","meta":{"footnotes":""},"categories":[127],"tags":[101,58,14,26,72,103,24,13,100,68,109,77,105,104,102,108,107,106,65],"class_list":["post-799","post","type-post","status-publish","format-standard","has-post-thumbnail","hentry","category-activites-sorties","tag-activites","tag-aide-aux-devoirs","tag-association","tag-association-coup-de-pouce","tag-cinema","tag-cinema-le-rio","tag-clermont-ferrand","tag-coup-de-pouce","tag-coup-de-pouce-clermont-ferrand","tag-enfants","tag-extrascolaire","tag-gouter","tag-laser-and-jumpe","tag-laser-game","tag-le-rio","tag-puy-pariou","tag-rando","tag-randonnee","tag-vacances"],"yoast_head":"<!-- This site is optimized with the Yoast SEO plugin v27.2 - https:\/\/yoast.com\/product\/yoast-seo-wordpress\/ -->\n<title>Vacances d&#039;Hiver Coup de Pouce - Coup de Pouce<\/title>\n<meta name=\"robots\" content=\"index, follow, max-snippet:-1, max-image-preview:large, max-video-preview:-1\" \/>\n<link rel=\"canonical\" href=\"https:\/\/asscoupdepouce.com\/index.php\/2023\/03\/13\/vacances-dhiver-coup-de-pouce\/\" \/>\n<meta property=\"og:locale\" content=\"fr_FR\" \/>\n<meta property=\"og:type\" content=\"article\" \/>\n<meta property=\"og:title\" content=\"Vacances d&#039;Hiver Coup de Pouce - Coup de Pouce\" \/>\n<meta property=\"og:description\" content=\"\u00c0 l&rsquo;occasion des vacances d&rsquo;hiver, l&rsquo;association Coup de Pouce a organis\u00e9 des activit\u00e9s de loisirs pour les enfants inscrits \u00e0 l&rsquo;aide aux devoirs. Le but \u00e9tant de partager des moments tous ensemble dans le cadre extrascolaire.\u00a0Nous tenons \u00e0 mettre un point d&rsquo;honneur \u00e0 entretenir les liens \u00e9motionnels qui nous lient aux enfants.\u00a0Quoi de mieux que...\" \/>\n<meta property=\"og:url\" content=\"https:\/\/asscoupdepouce.com\/index.php\/2023\/03\/13\/vacances-dhiver-coup-de-pouce\/\" \/>\n<meta property=\"og:site_name\" content=\"Coup de Pouce\" \/>\n<meta property=\"article:publisher\" content=\"https:\/\/fr-fr.facebook.com\/Association-Coup-de-Pouce-816767501818619\/\" \/>\n<meta property=\"article:published_time\" content=\"2023-03-13T14:03:01+00:00\" \/>\n<meta property=\"article:modified_time\" content=\"2024-09-24T12:47:40+00:00\" \/>\n<meta property=\"og:image\" content=\"https:\/\/asscoupdepouce.com\/wp-content\/uploads\/2023\/03\/2-min-scaled.jpg\" \/>\n\t<meta property=\"og:image:width\" content=\"1820\" \/>\n\t<meta property=\"og:image:height\" content=\"1213\" \/>\n\t<meta property=\"og:image:type\" content=\"image\/jpeg\" \/>\n<meta name=\"author\" content=\"asscoupdepouce\" \/>\n<meta name=\"twitter:card\" content=\"summary_large_image\" \/>\n<meta name=\"twitter:label1\" content=\"\u00c9crit par\" \/>\n\t<meta name=\"twitter:data1\" content=\"asscoupdepouce\" \/>\n\t<meta name=\"twitter:label2\" content=\"Dur\u00e9e de lecture estim\u00e9e\" \/>\n\t<meta name=\"twitter:data2\" content=\"3 minutes\" \/>\n<script type=\"application\/ld+json\" class=\"yoast-schema-graph\">{\"@context\":\"https:\/\/schema.org\",\"@graph\":[{\"@type\":\"Article\",\"@id\":\"https:\/\/asscoupdepouce.com\/index.php\/2023\/03\/13\/vacances-dhiver-coup-de-pouce\/#article\",\"isPartOf\":{\"@id\":\"https:\/\/asscoupdepouce.com\/index.php\/2023\/03\/13\/vacances-dhiver-coup-de-pouce\/\"},\"author\":{\"name\":\"asscoupdepouce\",\"@id\":\"https:\/\/asscoupdepouce.com\/#\/schema\/person\/50f5e6107202888c4540acf69babb08e\"},\"headline\":\"Vacances d&rsquo;Hiver Coup de Pouce\",\"datePublished\":\"2023-03-13T14:03:01+00:00\",\"dateModified\":\"2024-09-24T12:47:40+00:00\",\"mainEntityOfPage\":{\"@id\":\"https:\/\/asscoupdepouce.com\/index.php\/2023\/03\/13\/vacances-dhiver-coup-de-pouce\/\"},\"wordCount\":311,\"publisher\":{\"@id\":\"https:\/\/asscoupdepouce.com\/#organization\"},\"image\":{\"@id\":\"https:\/\/asscoupdepouce.com\/index.php\/2023\/03\/13\/vacances-dhiver-coup-de-pouce\/#primaryimage\"},\"thumbnailUrl\":\"https:\/\/asscoupdepouce.com\/wp-content\/uploads\/2023\/03\/2-min-scaled.jpg\",\"keywords\":[\"activit\u00e9s\",\"aide aux devoirs\",\"association\",\"association coup de pouce\",\"cin\u00e9ma\",\"cin\u00e9ma le rio\",\"Clermont-Ferrand\",\"coup de pouce\",\"Coup de Pouce clermont ferrand\",\"enfants\",\"Extrascolaire\",\"go\u00fbter\",\"laser and jumpe\",\"laser game\",\"le rio\",\"puy pariou\",\"rando\",\"randonn\u00e9e\",\"Vacances\"],\"articleSection\":[\"Activit\u00e9s et sorties\"],\"inLanguage\":\"fr-FR\"},{\"@type\":\"WebPage\",\"@id\":\"https:\/\/asscoupdepouce.com\/index.php\/2023\/03\/13\/vacances-dhiver-coup-de-pouce\/\",\"url\":\"https:\/\/asscoupdepouce.com\/index.php\/2023\/03\/13\/vacances-dhiver-coup-de-pouce\/\",\"name\":\"Vacances d'Hiver Coup de Pouce - Coup de Pouce\",\"isPartOf\":{\"@id\":\"https:\/\/asscoupdepouce.com\/#website\"},\"primaryImageOfPage\":{\"@id\":\"https:\/\/asscoupdepouce.com\/index.php\/2023\/03\/13\/vacances-dhiver-coup-de-pouce\/#primaryimage\"},\"image\":{\"@id\":\"https:\/\/asscoupdepouce.com\/index.php\/2023\/03\/13\/vacances-dhiver-coup-de-pouce\/#primaryimage\"},\"thumbnailUrl\":\"https:\/\/asscoupdepouce.com\/wp-content\/uploads\/2023\/03\/2-min-scaled.jpg\",\"datePublished\":\"2023-03-13T14:03:01+00:00\",\"dateModified\":\"2024-09-24T12:47:40+00:00\",\"breadcrumb\":{\"@id\":\"https:\/\/asscoupdepouce.com\/index.php\/2023\/03\/13\/vacances-dhiver-coup-de-pouce\/#breadcrumb\"},\"inLanguage\":\"fr-FR\",\"potentialAction\":[{\"@type\":\"ReadAction\",\"target\":[\"https:\/\/asscoupdepouce.com\/index.php\/2023\/03\/13\/vacances-dhiver-coup-de-pouce\/\"]}]},{\"@type\":\"ImageObject\",\"inLanguage\":\"fr-FR\",\"@id\":\"https:\/\/asscoupdepouce.com\/index.php\/2023\/03\/13\/vacances-dhiver-coup-de-pouce\/#primaryimage\",\"url\":\"https:\/\/asscoupdepouce.com\/wp-content\/uploads\/2023\/03\/2-min-scaled.jpg\",\"contentUrl\":\"https:\/\/asscoupdepouce.com\/wp-content\/uploads\/2023\/03\/2-min-scaled.jpg\",\"width\":1820,\"height\":1213},{\"@type\":\"BreadcrumbList\",\"@id\":\"https:\/\/asscoupdepouce.com\/index.php\/2023\/03\/13\/vacances-dhiver-coup-de-pouce\/#breadcrumb\",\"itemListElement\":[{\"@type\":\"ListItem\",\"position\":1,\"name\":\"Accueil\",\"item\":\"https:\/\/asscoupdepouce.com\/\"},{\"@type\":\"ListItem\",\"position\":2,\"name\":\"Vacances d&rsquo;Hiver Coup de Pouce\"}]},{\"@type\":\"WebSite\",\"@id\":\"https:\/\/asscoupdepouce.com\/#website\",\"url\":\"https:\/\/asscoupdepouce.com\/\",\"name\":\"Association Coup de Pouce\",\"description\":\"L&#039;esprit de la r\u00e9ussite\",\"publisher\":{\"@id\":\"https:\/\/asscoupdepouce.com\/#organization\"},\"potentialAction\":[{\"@type\":\"SearchAction\",\"target\":{\"@type\":\"EntryPoint\",\"urlTemplate\":\"https:\/\/asscoupdepouce.com\/?s={search_term_string}\"},\"query-input\":{\"@type\":\"PropertyValueSpecification\",\"valueRequired\":true,\"valueName\":\"search_term_string\"}}],\"inLanguage\":\"fr-FR\"},{\"@type\":\"Organization\",\"@id\":\"https:\/\/asscoupdepouce.com\/#organization\",\"name\":\"Association Coup de Pouce\",\"url\":\"https:\/\/asscoupdepouce.com\/\",\"logo\":{\"@type\":\"ImageObject\",\"inLanguage\":\"fr-FR\",\"@id\":\"https:\/\/asscoupdepouce.com\/#\/schema\/logo\/image\/\",\"url\":\"https:\/\/asscoupdepouce.com\/wp-content\/uploads\/2021\/03\/Coup-de-pouce-logo-SITE.png\",\"contentUrl\":\"https:\/\/asscoupdepouce.com\/wp-content\/uploads\/2021\/03\/Coup-de-pouce-logo-SITE.png\",\"width\":2200,\"height\":864,\"caption\":\"Association Coup de Pouce\"},\"image\":{\"@id\":\"https:\/\/asscoupdepouce.com\/#\/schema\/logo\/image\/\"},\"sameAs\":[\"https:\/\/fr-fr.facebook.com\/Association-Coup-de-Pouce-816767501818619\/\"]},{\"@type\":\"Person\",\"@id\":\"https:\/\/asscoupdepouce.com\/#\/schema\/person\/50f5e6107202888c4540acf69babb08e\",\"name\":\"asscoupdepouce\",\"image\":{\"@type\":\"ImageObject\",\"inLanguage\":\"fr-FR\",\"@id\":\"https:\/\/secure.gravatar.com\/avatar\/bbcb968c18fce19c3905d5b2d8db351cb8cfbb4960e92a4dd9a6e203be97fde1?s=96&d=mm&r=g\",\"url\":\"https:\/\/secure.gravatar.com\/avatar\/bbcb968c18fce19c3905d5b2d8db351cb8cfbb4960e92a4dd9a6e203be97fde1?s=96&d=mm&r=g\",\"contentUrl\":\"https:\/\/secure.gravatar.com\/avatar\/bbcb968c18fce19c3905d5b2d8db351cb8cfbb4960e92a4dd9a6e203be97fde1?s=96&d=mm&r=g\",\"caption\":\"asscoupdepouce\"},\"sameAs\":[\"https:\/\/asscoupdepouce.com\"]}]}<\/script>\n<!-- \/ Yoast SEO plugin. -->","yoast_head_json":{"title":"Vacances d'Hiver Coup de Pouce - Coup de Pouce","robots":{"index":"index","follow":"follow","max-snippet":"max-snippet:-1","max-image-preview":"max-image-preview:large","max-video-preview":"max-video-preview:-1"},"canonical":"https:\/\/asscoupdepouce.com\/index.php\/2023\/03\/13\/vacances-dhiver-coup-de-pouce\/","og_locale":"fr_FR","og_type":"article","og_title":"Vacances d'Hiver Coup de Pouce - Coup de Pouce","og_description":"\u00c0 l&rsquo;occasion des vacances d&rsquo;hiver, l&rsquo;association Coup de Pouce a organis\u00e9 des activit\u00e9s de loisirs pour les enfants inscrits \u00e0 l&rsquo;aide aux devoirs. Le but \u00e9tant de partager des moments tous ensemble dans le cadre extrascolaire.\u00a0Nous tenons \u00e0 mettre un point d&rsquo;honneur \u00e0 entretenir les liens \u00e9motionnels qui nous lient aux enfants.\u00a0Quoi de mieux que...","og_url":"https:\/\/asscoupdepouce.com\/index.php\/2023\/03\/13\/vacances-dhiver-coup-de-pouce\/","og_site_name":"Coup de Pouce","article_publisher":"https:\/\/fr-fr.facebook.com\/Association-Coup-de-Pouce-816767501818619\/","article_published_time":"2023-03-13T14:03:01+00:00","article_modified_time":"2024-09-24T12:47:40+00:00","og_image":[{"width":1820,"height":1213,"url":"https:\/\/asscoupdepouce.com\/wp-content\/uploads\/2023\/03\/2-min-scaled.jpg","type":"image\/jpeg"}],"author":"asscoupdepouce","twitter_card":"summary_large_image","twitter_misc":{"\u00c9crit par":"asscoupdepouce","Dur\u00e9e de lecture estim\u00e9e":"3 minutes"},"schema":{"@context":"https:\/\/schema.org","@graph":[{"@type":"Article","@id":"https:\/\/asscoupdepouce.com\/index.php\/2023\/03\/13\/vacances-dhiver-coup-de-pouce\/#article","isPartOf":{"@id":"https:\/\/asscoupdepouce.com\/index.php\/2023\/03\/13\/vacances-dhiver-coup-de-pouce\/"},"author":{"name":"asscoupdepouce","@id":"https:\/\/asscoupdepouce.com\/#\/schema\/person\/50f5e6107202888c4540acf69babb08e"},"headline":"Vacances d&rsquo;Hiver Coup de Pouce","datePublished":"2023-03-13T14:03:01+00:00","dateModified":"2024-09-24T12:47:40+00:00","mainEntityOfPage":{"@id":"https:\/\/asscoupdepouce.com\/index.php\/2023\/03\/13\/vacances-dhiver-coup-de-pouce\/"},"wordCount":311,"publisher":{"@id":"https:\/\/asscoupdepouce.com\/#organization"},"image":{"@id":"https:\/\/asscoupdepouce.com\/index.php\/2023\/03\/13\/vacances-dhiver-coup-de-pouce\/#primaryimage"},"thumbnailUrl":"https:\/\/asscoupdepouce.com\/wp-content\/uploads\/2023\/03\/2-min-scaled.jpg","keywords":["activit\u00e9s","aide aux devoirs","association","association coup de pouce","cin\u00e9ma","cin\u00e9ma le rio","Clermont-Ferrand","coup de pouce","Coup de Pouce clermont ferrand","enfants","Extrascolaire","go\u00fbter","laser and jumpe","laser game","le rio","puy pariou","rando","randonn\u00e9e","Vacances"],"articleSection":["Activit\u00e9s et sorties"],"inLanguage":"fr-FR"},{"@type":"WebPage","@id":"https:\/\/asscoupdepouce.com\/index.php\/2023\/03\/13\/vacances-dhiver-coup-de-pouce\/","url":"https:\/\/asscoupdepouce.com\/index.php\/2023\/03\/13\/vacances-dhiver-coup-de-pouce\/","name":"Vacances d'Hiver Coup de Pouce - Coup de Pouce","isPartOf":{"@id":"https:\/\/asscoupdepouce.com\/#website"},"primaryImageOfPage":{"@id":"https:\/\/asscoupdepouce.com\/index.php\/2023\/03\/13\/vacances-dhiver-coup-de-pouce\/#primaryimage"},"image":{"@id":"https:\/\/asscoupdepouce.com\/index.php\/2023\/03\/13\/vacances-dhiver-coup-de-pouce\/#primaryimage"},"thumbnailUrl":"https:\/\/asscoupdepouce.com\/wp-content\/uploads\/2023\/03\/2-min-scaled.jpg","datePublished":"2023-03-13T14:03:01+00:00","dateModified":"2024-09-24T12:47:40+00:00","breadcrumb":{"@id":"https:\/\/asscoupdepouce.com\/index.php\/2023\/03\/13\/vacances-dhiver-coup-de-pouce\/#breadcrumb"},"inLanguage":"fr-FR","potentialAction":[{"@type":"ReadAction","target":["https:\/\/asscoupdepouce.com\/index.php\/2023\/03\/13\/vacances-dhiver-coup-de-pouce\/"]}]},{"@type":"ImageObject","inLanguage":"fr-FR","@id":"https:\/\/asscoupdepouce.com\/index.php\/2023\/03\/13\/vacances-dhiver-coup-de-pouce\/#primaryimage","url":"https:\/\/asscoupdepouce.com\/wp-content\/uploads\/2023\/03\/2-min-scaled.jpg","contentUrl":"https:\/\/asscoupdepouce.com\/wp-content\/uploads\/2023\/03\/2-min-scaled.jpg","width":1820,"height":1213},{"@type":"BreadcrumbList","@id":"https:\/\/asscoupdepouce.com\/index.php\/2023\/03\/13\/vacances-dhiver-coup-de-pouce\/#breadcrumb","itemListElement":[{"@type":"ListItem","position":1,"name":"Accueil","item":"https:\/\/asscoupdepouce.com\/"},{"@type":"ListItem","position":2,"name":"Vacances d&rsquo;Hiver Coup de Pouce"}]},{"@type":"WebSite","@id":"https:\/\/asscoupdepouce.com\/#website","url":"https:\/\/asscoupdepouce.com\/","name":"Association Coup de Pouce","description":"L&#039;esprit de la r\u00e9ussite","publisher":{"@id":"https:\/\/asscoupdepouce.com\/#organization"},"potentialAction":[{"@type":"SearchAction","target":{"@type":"EntryPoint","urlTemplate":"https:\/\/asscoupdepouce.com\/?s={search_term_string}"},"query-input":{"@type":"PropertyValueSpecification","valueRequired":true,"valueName":"search_term_string"}}],"inLanguage":"fr-FR"},{"@type":"Organization","@id":"https:\/\/asscoupdepouce.com\/#organization","name":"Association Coup de Pouce","url":"https:\/\/asscoupdepouce.com\/","logo":{"@type":"ImageObject","inLanguage":"fr-FR","@id":"https:\/\/asscoupdepouce.com\/#\/schema\/logo\/image\/","url":"https:\/\/asscoupdepouce.com\/wp-content\/uploads\/2021\/03\/Coup-de-pouce-logo-SITE.png","contentUrl":"https:\/\/asscoupdepouce.com\/wp-content\/uploads\/2021\/03\/Coup-de-pouce-logo-SITE.png","width":2200,"height":864,"caption":"Association Coup de Pouce"},"image":{"@id":"https:\/\/asscoupdepouce.com\/#\/schema\/logo\/image\/"},"sameAs":["https:\/\/fr-fr.facebook.com\/Association-Coup-de-Pouce-816767501818619\/"]},{"@type":"Person","@id":"https:\/\/asscoupdepouce.com\/#\/schema\/person\/50f5e6107202888c4540acf69babb08e","name":"asscoupdepouce","image":{"@type":"ImageObject","inLanguage":"fr-FR","@id":"https:\/\/secure.gravatar.com\/avatar\/bbcb968c18fce19c3905d5b2d8db351cb8cfbb4960e92a4dd9a6e203be97fde1?s=96&d=mm&r=g","url":"https:\/\/secure.gravatar.com\/avatar\/bbcb968c18fce19c3905d5b2d8db351cb8cfbb4960e92a4dd9a6e203be97fde1?s=96&d=mm&r=g","contentUrl":"https:\/\/secure.gravatar.com\/avatar\/bbcb968c18fce19c3905d5b2d8db351cb8cfbb4960e92a4dd9a6e203be97fde1?s=96&d=mm&r=g","caption":"asscoupdepouce"},"sameAs":["https:\/\/asscoupdepouce.com"]}]}},"_links":{"self":[{"href":"https:\/\/asscoupdepouce.com\/index.php\/wp-json\/wp\/v2\/posts\/799","targetHints":{"allow":["GET"]}}],"collection":[{"href":"https:\/\/asscoupdepouce.com\/index.php\/wp-json\/wp\/v2\/posts"}],"about":[{"href":"https:\/\/asscoupdepouce.com\/index.php\/wp-json\/wp\/v2\/types\/post"}],"author":[{"embeddable":true,"href":"https:\/\/asscoupdepouce.com\/index.php\/wp-json\/wp\/v2\/users\/1"}],"replies":[{"embeddable":true,"href":"https:\/\/asscoupdepouce.com\/index.php\/wp-json\/wp\/v2\/comments?post=799"}],"version-history":[{"count":7,"href":"https:\/\/asscoupdepouce.com\/index.php\/wp-json\/wp\/v2\/posts\/799\/revisions"}],"predecessor-version":[{"id":813,"href":"https:\/\/asscoupdepouce.com\/index.php\/wp-json\/wp\/v2\/posts\/799\/revisions\/813"}],"wp:featuredmedia":[{"embeddable":true,"href":"https:\/\/asscoupdepouce.com\/index.php\/wp-json\/wp\/v2\/media\/811"}],"wp:attachment":[{"href":"https:\/\/asscoupdepouce.com\/index.php\/wp-json\/wp\/v2\/media?parent=799"}],"wp:term":[{"taxonomy":"category","embeddable":true,"href":"https:\/\/asscoupdepouce.com\/index.php\/wp-json\/wp\/v2\/categories?post=799"},{"taxonomy":"post_tag","embeddable":true,"href":"https:\/\/asscoupdepouce.com\/index.php\/wp-json\/wp\/v2\/tags?post=799"}],"curies":[{"name":"wp","href":"https:\/\/api.w.org\/{rel}","templated":true}]}}