{"id":967,"date":"2024-11-27T17:51:29","date_gmt":"2024-11-27T16:51:29","guid":{"rendered":"https:\/\/asscoupdepouce.com\/?p=967"},"modified":"2024-11-27T17:54:01","modified_gmt":"2024-11-27T16:54:01","slug":"vacances-dautomne-2024","status":"publish","type":"post","link":"https:\/\/asscoupdepouce.com\/index.php\/2024\/11\/27\/vacances-dautomne-2024\/","title":{"rendered":"VACANCES D\u2019AUTOMNE 2024"},"content":{"rendered":"<section class=\"l-section wpb_row height_auto\"><div class=\"l-section-h i-cf\"><div class=\"g-cols vc_row via_flex valign_top type_default stacking_default\"><div class=\"vc_col-sm-12 wpb_column vc_column_container\"><div class=\"vc_column-inner\"><div class=\"wpb_wrapper\"><div class=\"wpb_text_column\"><div class=\"wpb_wrapper\"><h3 style=\"text-align: center;\"><strong>VACANCES D\u2019AUTOMNE 2024\u00a0A COUP DE POUCE<\/strong><\/h3>\n<\/div><\/div><div class=\"g-cols wpb_row via_flex valign_top type_default stacking_default\"><div class=\"vc_col-sm-12 wpb_column vc_column_container\"><div class=\"vc_column-inner\"><div class=\"wpb_wrapper\"><div class=\"wpb_text_column\"><div class=\"wpb_wrapper\"><p>L\u2019association Coup de pouce organise comme chaque p\u00e9riode de vacances scolaires, une sortie pour les enfants inscrits \u00e0 l\u2019aide aux devoirs, afin de les\u00a0r\u00e9compenser pour leur travail scolaire.<\/p>\n<p>Pour cette premi\u00e8re semaine de vacances une quinzaine d\u2019enfants participants \u00e0 l\u2019aide au devoir ont pu profiter<\/p>\n<\/div><\/div><\/div><\/div><\/div><\/div><div class=\"g-cols wpb_row via_flex valign_top type_boxes stacking_default\"><div class=\"vc_col-sm-12 wpb_column vc_column_container\"><div class=\"vc_column-inner\"><div class=\"wpb_wrapper\"><div class=\"wpb_text_column\"><div class=\"wpb_wrapper\"><h4 style=\"text-align: center;\"><strong>Sortie Cin\u00e9ma\u00a0: \u00ab\u00a0le Robot sauvage\u00a0\u00bb <\/strong><\/h4>\n<\/div><\/div><\/div><\/div><\/div><\/div><div class=\"g-cols wpb_row via_flex valign_middle type_default stacking_default\"><div class=\"vc_col-sm-6 wpb_column vc_column_container\"><div class=\"vc_column-inner\"><div class=\"wpb_wrapper\"><div class=\"w-image align_center\"><div class=\"w-image-h\"><img decoding=\"async\" width=\"500\" height=\"375\" src=\"https:\/\/asscoupdepouce.com\/wp-content\/uploads\/2024\/11\/Le-robot-Sauvage-scaled.jpg\" class=\"attachment-us_500_500 size-us_500_500\" alt=\"\" loading=\"lazy\" srcset=\"https:\/\/asscoupdepouce.com\/wp-content\/uploads\/2024\/11\/Le-robot-Sauvage-scaled.jpg 4000w, https:\/\/asscoupdepouce.com\/wp-content\/uploads\/2024\/11\/Le-robot-Sauvage-300x225.jpg 300w, https:\/\/asscoupdepouce.com\/wp-content\/uploads\/2024\/11\/Le-robot-Sauvage-1024x768.jpg 1024w, https:\/\/asscoupdepouce.com\/wp-content\/uploads\/2024\/11\/Le-robot-Sauvage-533x400.jpg 533w, https:\/\/asscoupdepouce.com\/wp-content\/uploads\/2024\/11\/Le-robot-Sauvage-500x375.jpg 500w, https:\/\/asscoupdepouce.com\/wp-content\/uploads\/2024\/11\/Le-robot-Sauvage-400x300.jpg 400w\" sizes=\"auto, (max-width: 500px) 100vw, 500px\" \/><\/div><\/div><\/div><\/div><\/div><div class=\"vc_col-sm-6 wpb_column vc_column_container\"><div class=\"vc_column-inner\"><div class=\"wpb_wrapper\"><div class=\"w-image align_center\"><div class=\"w-image-h\"><img decoding=\"async\" width=\"300\" height=\"400\" src=\"https:\/\/asscoupdepouce.com\/wp-content\/uploads\/2024\/11\/robot-sauvage-300x400.jpg\" class=\"attachment-us_400_400 size-us_400_400\" alt=\"\" loading=\"lazy\" srcset=\"https:\/\/asscoupdepouce.com\/wp-content\/uploads\/2024\/11\/robot-sauvage-300x400.jpg 300w, https:\/\/asscoupdepouce.com\/wp-content\/uploads\/2024\/11\/robot-sauvage-225x300.jpg 225w, https:\/\/asscoupdepouce.com\/wp-content\/uploads\/2024\/11\/robot-sauvage-768x1024.jpg 768w, https:\/\/asscoupdepouce.com\/wp-content\/uploads\/2024\/11\/robot-sauvage-375x500.jpg 375w, https:\/\/asscoupdepouce.com\/wp-content\/uploads\/2024\/11\/robot-sauvage.jpg 1200w\" sizes=\"auto, (max-width: 300px) 100vw, 300px\" \/><\/div><\/div><\/div><\/div><\/div><\/div><\/div><\/div><\/div><div class=\"vc_col-sm-12 wpb_column vc_column_container\"><div class=\"vc_column-inner\"><div class=\"wpb_wrapper\"><\/div><\/div><\/div><\/div><\/div><\/section><section class=\"l-section wpb_row height_small full_height valign_center\"><div class=\"l-section-h i-cf\"><div class=\"g-cols vc_row via_flex valign_top type_default stacking_default\"><div class=\"vc_col-sm-12 wpb_column vc_column_container\"><div class=\"vc_column-inner\"><div class=\"wpb_wrapper\"><div class=\"g-cols wpb_row via_flex valign_top type_default stacking_default\"><div class=\"vc_col-sm-12 wpb_column vc_column_container\"><div class=\"vc_column-inner\"><div class=\"wpb_wrapper\"><div class=\"wpb_text_column\"><div class=\"wpb_wrapper\"><p>Le lundi 21 octobre, nous sommes all\u00e9s voir <em>Le Robot Sauvage<\/em> en compagnie de 15 enfants et de 3 accompagnateurs. Ce film a r\u00e9ussi \u00e0 \u00e9merveiller tout le monde gr\u00e2ce \u00e0 de superbes images, une histoire touchante et des personnages attachants. M\u00eame les plus robustes n\u2019ont pas r\u00e9ussi \u00e0 retenir leurs larmes.<\/p>\n<p><em>Le Robot Sauvage raconte l&rsquo;histoire d&rsquo;un robot, Roz, \u00e9chou\u00e9 sur une \u00eele sauvage o\u00f9 elle apprend \u00e0 survivre et \u00e0 s&rsquo;adapter \u00e0 la nature. Avec l&rsquo;aide des animaux, elle d\u00e9couvre l&rsquo;amiti\u00e9 et l&rsquo;importance de la vie en communaut\u00e9. Ce voyage initiatique l&rsquo;am\u00e8ne \u00e0 comprendre sa place dans le monde, entre nature et technologie.<\/em><\/p>\n<\/div><\/div><div class=\"w-separator size_medium\"><\/div><\/div><\/div><\/div><\/div><div class=\"g-cols wpb_row via_flex valign_top type_default stacking_default\"><div class=\"vc_col-sm-12 wpb_column vc_column_container\"><div class=\"vc_column-inner\"><div class=\"wpb_wrapper\"><div class=\"wpb_text_column\"><div class=\"wpb_wrapper\"><h4 style=\"text-align: center;\"><strong>Sortie au Stade Marcel Michelin<\/strong><\/h4>\n<\/div><\/div><\/div><\/div><\/div><\/div><div class=\"w-separator size_medium\"><\/div><div class=\"g-cols wpb_row via_flex valign_top type_default stacking_default\"><div class=\"vc_col-sm-12 wpb_column vc_column_container\"><div class=\"vc_column-inner\"><div class=\"wpb_wrapper\"><div class=\"w-image align_center\"><div class=\"w-image-h\"><img decoding=\"async\" width=\"500\" height=\"375\" src=\"https:\/\/asscoupdepouce.com\/wp-content\/uploads\/2024\/11\/photo_6-scaled.jpeg\" class=\"attachment-us_500_500 size-us_500_500\" alt=\"\" loading=\"lazy\" srcset=\"https:\/\/asscoupdepouce.com\/wp-content\/uploads\/2024\/11\/photo_6-scaled.jpeg 4000w, https:\/\/asscoupdepouce.com\/wp-content\/uploads\/2024\/11\/photo_6-300x225.jpeg 300w, https:\/\/asscoupdepouce.com\/wp-content\/uploads\/2024\/11\/photo_6-1024x768.jpeg 1024w, https:\/\/asscoupdepouce.com\/wp-content\/uploads\/2024\/11\/photo_6-533x400.jpeg 533w, https:\/\/asscoupdepouce.com\/wp-content\/uploads\/2024\/11\/photo_6-500x375.jpeg 500w, https:\/\/asscoupdepouce.com\/wp-content\/uploads\/2024\/11\/photo_6-400x300.jpeg 400w\" sizes=\"auto, (max-width: 500px) 100vw, 500px\" \/><\/div><\/div><\/div><\/div><\/div><\/div><div class=\"w-separator size_medium\"><\/div><div class=\"g-cols wpb_row via_flex valign_top type_default stacking_default\"><div class=\"vc_col-sm-12 wpb_column vc_column_container\"><div class=\"vc_column-inner\"><div class=\"wpb_wrapper\"><div class=\"wpb_text_column\"><div class=\"wpb_wrapper\"><p>\u00ab ICI, ICI, C\u2019EST MONTFERRAND !! \u00bb Voil\u00e0 ce que chantaient nos enfants de l&rsquo;aide aux devoirs lors de la visite du stade Marcel-Michelin, ce mercredi 23 octobre.<\/p>\n<p>Ils ont eu la chance d&rsquo;explorer les coulisses du stade : des tribunes \u00e0 la salle de musculation, en passant par les vestiaires. Et le moment fort de la journ\u00e9e ? Fouler la pelouse o\u00f9 s&rsquo;affrontent les grands joueurs chaque week-end, un moment qui a sans doute \u00e9veill\u00e9 chez eux un nouvel int\u00e9r\u00eat pour le rugby.<\/p>\n<\/div><\/div><\/div><\/div><\/div><\/div><\/div><\/div><\/div><div class=\"vc_col-sm-12 wpb_column vc_column_container\"><div class=\"vc_column-inner\"><div class=\"wpb_wrapper\"><div class=\"g-cols wpb_row via_flex valign_middle type_default stacking_default\"><div class=\"vc_col-sm-12 wpb_column vc_column_container\"><div class=\"vc_column-inner\"><div class=\"wpb_wrapper\"><div class=\"w-image align_center\"><div class=\"w-image-h\"><img decoding=\"async\" width=\"300\" height=\"400\" src=\"https:\/\/asscoupdepouce.com\/wp-content\/uploads\/2024\/11\/photo_2-scaled.jpeg\" class=\"attachment-us_400_400 size-us_400_400\" alt=\"\" loading=\"lazy\" srcset=\"https:\/\/asscoupdepouce.com\/wp-content\/uploads\/2024\/11\/photo_2-scaled.jpeg 3000w, https:\/\/asscoupdepouce.com\/wp-content\/uploads\/2024\/11\/photo_2-225x300.jpeg 225w, https:\/\/asscoupdepouce.com\/wp-content\/uploads\/2024\/11\/photo_2-768x1024.jpeg 768w\" sizes=\"auto, (max-width: 300px) 100vw, 300px\" \/><\/div><\/div><\/div><\/div><\/div><\/div><div class=\"w-separator size_medium\"><\/div><div class=\"g-cols wpb_row via_flex valign_middle type_default stacking_default\"><div class=\"vc_col-sm-12 wpb_column vc_column_container\"><div class=\"vc_column-inner\"><div class=\"wpb_wrapper\"><div class=\"wpb_text_column\"><div class=\"wpb_wrapper\"><p>Les enfants ont ensuite visit\u00e9 le mus\u00e9e interactif de l&rsquo;ASM, o\u00f9 ils ont pu r\u00e9pondre \u00e0 des questions tout au long du parcours pour d\u00e9couvrir quel type de joueur ils seraient. Ils ont \u00e9galement eu la chance de commenter un extrait de match de l&rsquo;ASM dans une cabine d\u00e9di\u00e9e \u00e0 cet effet, une exp\u00e9rience immersive qui les a beaucoup amus\u00e9s !<\/p>\n<\/div><\/div><\/div><\/div><\/div><\/div><\/div><\/div><\/div><\/div><\/div><\/section>\n","protected":false},"excerpt":{"rendered":"VACANCES D\u2019AUTOMNE 2024\u00a0A COUP DE POUCE L\u2019association Coup de pouce organise comme chaque p\u00e9riode de vacances scolaires, une sortie pour les enfants inscrits \u00e0 l\u2019aide aux devoirs, afin de les\u00a0r\u00e9compenser pour leur travail scolaire. Pour cette premi\u00e8re semaine de vacances une quinzaine d\u2019enfants participants \u00e0 l\u2019aide au devoir ont pu profiter Sortie Cin\u00e9ma\u00a0: \u00ab\u00a0le Robot...","protected":false},"author":1,"featured_media":975,"comment_status":"closed","ping_status":"closed","sticky":false,"template":"","format":"standard","meta":{"footnotes":""},"categories":[129],"tags":[],"class_list":["post-967","post","type-post","status-publish","format-standard","has-post-thumbnail","hentry","category-evenements"],"yoast_head":"<!-- This site is optimized with the Yoast SEO plugin v27.2 - https:\/\/yoast.com\/product\/yoast-seo-wordpress\/ -->\n<title>VACANCES D\u2019AUTOMNE 2024 - Coup de Pouce<\/title>\n<meta name=\"robots\" content=\"index, follow, max-snippet:-1, max-image-preview:large, max-video-preview:-1\" \/>\n<link rel=\"canonical\" href=\"https:\/\/asscoupdepouce.com\/index.php\/2024\/11\/27\/vacances-dautomne-2024\/\" \/>\n<meta property=\"og:locale\" content=\"fr_FR\" \/>\n<meta property=\"og:type\" content=\"article\" \/>\n<meta property=\"og:title\" content=\"VACANCES D\u2019AUTOMNE 2024 - Coup de Pouce\" \/>\n<meta property=\"og:url\" content=\"https:\/\/asscoupdepouce.com\/index.php\/2024\/11\/27\/vacances-dautomne-2024\/\" \/>\n<meta property=\"og:site_name\" content=\"Coup de Pouce\" \/>\n<meta property=\"article:publisher\" content=\"https:\/\/fr-fr.facebook.com\/Association-Coup-de-Pouce-816767501818619\/\" \/>\n<meta property=\"article:published_time\" content=\"2024-11-27T16:51:29+00:00\" \/>\n<meta property=\"article:modified_time\" content=\"2024-11-27T16:54:01+00:00\" \/>\n<meta property=\"og:image\" content=\"https:\/\/asscoupdepouce.com\/wp-content\/uploads\/2024\/11\/photo_6-scaled.jpeg\" \/>\n\t<meta property=\"og:image:width\" content=\"4000\" \/>\n\t<meta property=\"og:image:height\" content=\"3000\" \/>\n\t<meta property=\"og:image:type\" content=\"image\/jpeg\" \/>\n<meta name=\"author\" content=\"asscoupdepouce\" \/>\n<meta name=\"twitter:card\" content=\"summary_large_image\" \/>\n<meta name=\"twitter:label1\" content=\"\u00c9crit par\" \/>\n\t<meta name=\"twitter:data1\" content=\"asscoupdepouce\" \/>\n\t<meta name=\"twitter:label2\" content=\"Dur\u00e9e de lecture estim\u00e9e\" \/>\n\t<meta name=\"twitter:data2\" content=\"2 minutes\" \/>\n<script type=\"application\/ld+json\" class=\"yoast-schema-graph\">{\"@context\":\"https:\/\/schema.org\",\"@graph\":[{\"@type\":\"Article\",\"@id\":\"https:\/\/asscoupdepouce.com\/index.php\/2024\/11\/27\/vacances-dautomne-2024\/#article\",\"isPartOf\":{\"@id\":\"https:\/\/asscoupdepouce.com\/index.php\/2024\/11\/27\/vacances-dautomne-2024\/\"},\"author\":{\"name\":\"asscoupdepouce\",\"@id\":\"https:\/\/asscoupdepouce.com\/#\/schema\/person\/50f5e6107202888c4540acf69babb08e\"},\"headline\":\"VACANCES D\u2019AUTOMNE 2024\",\"datePublished\":\"2024-11-27T16:51:29+00:00\",\"dateModified\":\"2024-11-27T16:54:01+00:00\",\"mainEntityOfPage\":{\"@id\":\"https:\/\/asscoupdepouce.com\/index.php\/2024\/11\/27\/vacances-dautomne-2024\/\"},\"wordCount\":576,\"publisher\":{\"@id\":\"https:\/\/asscoupdepouce.com\/#organization\"},\"image\":{\"@id\":\"https:\/\/asscoupdepouce.com\/index.php\/2024\/11\/27\/vacances-dautomne-2024\/#primaryimage\"},\"thumbnailUrl\":\"https:\/\/asscoupdepouce.com\/wp-content\/uploads\/2024\/11\/photo_6-scaled.jpeg\",\"articleSection\":[\"\u00c9v\u00e9nements\"],\"inLanguage\":\"fr-FR\"},{\"@type\":\"WebPage\",\"@id\":\"https:\/\/asscoupdepouce.com\/index.php\/2024\/11\/27\/vacances-dautomne-2024\/\",\"url\":\"https:\/\/asscoupdepouce.com\/index.php\/2024\/11\/27\/vacances-dautomne-2024\/\",\"name\":\"VACANCES D\u2019AUTOMNE 2024 - Coup de Pouce\",\"isPartOf\":{\"@id\":\"https:\/\/asscoupdepouce.com\/#website\"},\"primaryImageOfPage\":{\"@id\":\"https:\/\/asscoupdepouce.com\/index.php\/2024\/11\/27\/vacances-dautomne-2024\/#primaryimage\"},\"image\":{\"@id\":\"https:\/\/asscoupdepouce.com\/index.php\/2024\/11\/27\/vacances-dautomne-2024\/#primaryimage\"},\"thumbnailUrl\":\"https:\/\/asscoupdepouce.com\/wp-content\/uploads\/2024\/11\/photo_6-scaled.jpeg\",\"datePublished\":\"2024-11-27T16:51:29+00:00\",\"dateModified\":\"2024-11-27T16:54:01+00:00\",\"breadcrumb\":{\"@id\":\"https:\/\/asscoupdepouce.com\/index.php\/2024\/11\/27\/vacances-dautomne-2024\/#breadcrumb\"},\"inLanguage\":\"fr-FR\",\"potentialAction\":[{\"@type\":\"ReadAction\",\"target\":[\"https:\/\/asscoupdepouce.com\/index.php\/2024\/11\/27\/vacances-dautomne-2024\/\"]}]},{\"@type\":\"ImageObject\",\"inLanguage\":\"fr-FR\",\"@id\":\"https:\/\/asscoupdepouce.com\/index.php\/2024\/11\/27\/vacances-dautomne-2024\/#primaryimage\",\"url\":\"https:\/\/asscoupdepouce.com\/wp-content\/uploads\/2024\/11\/photo_6-scaled.jpeg\",\"contentUrl\":\"https:\/\/asscoupdepouce.com\/wp-content\/uploads\/2024\/11\/photo_6-scaled.jpeg\",\"width\":4000,\"height\":3000},{\"@type\":\"BreadcrumbList\",\"@id\":\"https:\/\/asscoupdepouce.com\/index.php\/2024\/11\/27\/vacances-dautomne-2024\/#breadcrumb\",\"itemListElement\":[{\"@type\":\"ListItem\",\"position\":1,\"name\":\"Accueil\",\"item\":\"https:\/\/asscoupdepouce.com\/\"},{\"@type\":\"ListItem\",\"position\":2,\"name\":\"VACANCES D\u2019AUTOMNE 2024\"}]},{\"@type\":\"WebSite\",\"@id\":\"https:\/\/asscoupdepouce.com\/#website\",\"url\":\"https:\/\/asscoupdepouce.com\/\",\"name\":\"Association Coup de Pouce\",\"description\":\"L&#039;esprit de la r\u00e9ussite\",\"publisher\":{\"@id\":\"https:\/\/asscoupdepouce.com\/#organization\"},\"potentialAction\":[{\"@type\":\"SearchAction\",\"target\":{\"@type\":\"EntryPoint\",\"urlTemplate\":\"https:\/\/asscoupdepouce.com\/?s={search_term_string}\"},\"query-input\":{\"@type\":\"PropertyValueSpecification\",\"valueRequired\":true,\"valueName\":\"search_term_string\"}}],\"inLanguage\":\"fr-FR\"},{\"@type\":\"Organization\",\"@id\":\"https:\/\/asscoupdepouce.com\/#organization\",\"name\":\"Association Coup de Pouce\",\"url\":\"https:\/\/asscoupdepouce.com\/\",\"logo\":{\"@type\":\"ImageObject\",\"inLanguage\":\"fr-FR\",\"@id\":\"https:\/\/asscoupdepouce.com\/#\/schema\/logo\/image\/\",\"url\":\"https:\/\/asscoupdepouce.com\/wp-content\/uploads\/2021\/03\/Coup-de-pouce-logo-SITE.png\",\"contentUrl\":\"https:\/\/asscoupdepouce.com\/wp-content\/uploads\/2021\/03\/Coup-de-pouce-logo-SITE.png\",\"width\":2200,\"height\":864,\"caption\":\"Association Coup de Pouce\"},\"image\":{\"@id\":\"https:\/\/asscoupdepouce.com\/#\/schema\/logo\/image\/\"},\"sameAs\":[\"https:\/\/fr-fr.facebook.com\/Association-Coup-de-Pouce-816767501818619\/\"]},{\"@type\":\"Person\",\"@id\":\"https:\/\/asscoupdepouce.com\/#\/schema\/person\/50f5e6107202888c4540acf69babb08e\",\"name\":\"asscoupdepouce\",\"image\":{\"@type\":\"ImageObject\",\"inLanguage\":\"fr-FR\",\"@id\":\"https:\/\/secure.gravatar.com\/avatar\/bbcb968c18fce19c3905d5b2d8db351cb8cfbb4960e92a4dd9a6e203be97fde1?s=96&d=mm&r=g\",\"url\":\"https:\/\/secure.gravatar.com\/avatar\/bbcb968c18fce19c3905d5b2d8db351cb8cfbb4960e92a4dd9a6e203be97fde1?s=96&d=mm&r=g\",\"contentUrl\":\"https:\/\/secure.gravatar.com\/avatar\/bbcb968c18fce19c3905d5b2d8db351cb8cfbb4960e92a4dd9a6e203be97fde1?s=96&d=mm&r=g\",\"caption\":\"asscoupdepouce\"},\"sameAs\":[\"https:\/\/asscoupdepouce.com\"]}]}<\/script>\n<!-- \/ Yoast SEO plugin. -->","yoast_head_json":{"title":"VACANCES D\u2019AUTOMNE 2024 - Coup de Pouce","robots":{"index":"index","follow":"follow","max-snippet":"max-snippet:-1","max-image-preview":"max-image-preview:large","max-video-preview":"max-video-preview:-1"},"canonical":"https:\/\/asscoupdepouce.com\/index.php\/2024\/11\/27\/vacances-dautomne-2024\/","og_locale":"fr_FR","og_type":"article","og_title":"VACANCES D\u2019AUTOMNE 2024 - Coup de Pouce","og_url":"https:\/\/asscoupdepouce.com\/index.php\/2024\/11\/27\/vacances-dautomne-2024\/","og_site_name":"Coup de Pouce","article_publisher":"https:\/\/fr-fr.facebook.com\/Association-Coup-de-Pouce-816767501818619\/","article_published_time":"2024-11-27T16:51:29+00:00","article_modified_time":"2024-11-27T16:54:01+00:00","og_image":[{"width":4000,"height":3000,"url":"https:\/\/asscoupdepouce.com\/wp-content\/uploads\/2024\/11\/photo_6-scaled.jpeg","type":"image\/jpeg"}],"author":"asscoupdepouce","twitter_card":"summary_large_image","twitter_misc":{"\u00c9crit par":"asscoupdepouce","Dur\u00e9e de lecture estim\u00e9e":"2 minutes"},"schema":{"@context":"https:\/\/schema.org","@graph":[{"@type":"Article","@id":"https:\/\/asscoupdepouce.com\/index.php\/2024\/11\/27\/vacances-dautomne-2024\/#article","isPartOf":{"@id":"https:\/\/asscoupdepouce.com\/index.php\/2024\/11\/27\/vacances-dautomne-2024\/"},"author":{"name":"asscoupdepouce","@id":"https:\/\/asscoupdepouce.com\/#\/schema\/person\/50f5e6107202888c4540acf69babb08e"},"headline":"VACANCES D\u2019AUTOMNE 2024","datePublished":"2024-11-27T16:51:29+00:00","dateModified":"2024-11-27T16:54:01+00:00","mainEntityOfPage":{"@id":"https:\/\/asscoupdepouce.com\/index.php\/2024\/11\/27\/vacances-dautomne-2024\/"},"wordCount":576,"publisher":{"@id":"https:\/\/asscoupdepouce.com\/#organization"},"image":{"@id":"https:\/\/asscoupdepouce.com\/index.php\/2024\/11\/27\/vacances-dautomne-2024\/#primaryimage"},"thumbnailUrl":"https:\/\/asscoupdepouce.com\/wp-content\/uploads\/2024\/11\/photo_6-scaled.jpeg","articleSection":["\u00c9v\u00e9nements"],"inLanguage":"fr-FR"},{"@type":"WebPage","@id":"https:\/\/asscoupdepouce.com\/index.php\/2024\/11\/27\/vacances-dautomne-2024\/","url":"https:\/\/asscoupdepouce.com\/index.php\/2024\/11\/27\/vacances-dautomne-2024\/","name":"VACANCES D\u2019AUTOMNE 2024 - Coup de Pouce","isPartOf":{"@id":"https:\/\/asscoupdepouce.com\/#website"},"primaryImageOfPage":{"@id":"https:\/\/asscoupdepouce.com\/index.php\/2024\/11\/27\/vacances-dautomne-2024\/#primaryimage"},"image":{"@id":"https:\/\/asscoupdepouce.com\/index.php\/2024\/11\/27\/vacances-dautomne-2024\/#primaryimage"},"thumbnailUrl":"https:\/\/asscoupdepouce.com\/wp-content\/uploads\/2024\/11\/photo_6-scaled.jpeg","datePublished":"2024-11-27T16:51:29+00:00","dateModified":"2024-11-27T16:54:01+00:00","breadcrumb":{"@id":"https:\/\/asscoupdepouce.com\/index.php\/2024\/11\/27\/vacances-dautomne-2024\/#breadcrumb"},"inLanguage":"fr-FR","potentialAction":[{"@type":"ReadAction","target":["https:\/\/asscoupdepouce.com\/index.php\/2024\/11\/27\/vacances-dautomne-2024\/"]}]},{"@type":"ImageObject","inLanguage":"fr-FR","@id":"https:\/\/asscoupdepouce.com\/index.php\/2024\/11\/27\/vacances-dautomne-2024\/#primaryimage","url":"https:\/\/asscoupdepouce.com\/wp-content\/uploads\/2024\/11\/photo_6-scaled.jpeg","contentUrl":"https:\/\/asscoupdepouce.com\/wp-content\/uploads\/2024\/11\/photo_6-scaled.jpeg","width":4000,"height":3000},{"@type":"BreadcrumbList","@id":"https:\/\/asscoupdepouce.com\/index.php\/2024\/11\/27\/vacances-dautomne-2024\/#breadcrumb","itemListElement":[{"@type":"ListItem","position":1,"name":"Accueil","item":"https:\/\/asscoupdepouce.com\/"},{"@type":"ListItem","position":2,"name":"VACANCES D\u2019AUTOMNE 2024"}]},{"@type":"WebSite","@id":"https:\/\/asscoupdepouce.com\/#website","url":"https:\/\/asscoupdepouce.com\/","name":"Association Coup de Pouce","description":"L&#039;esprit de la r\u00e9ussite","publisher":{"@id":"https:\/\/asscoupdepouce.com\/#organization"},"potentialAction":[{"@type":"SearchAction","target":{"@type":"EntryPoint","urlTemplate":"https:\/\/asscoupdepouce.com\/?s={search_term_string}"},"query-input":{"@type":"PropertyValueSpecification","valueRequired":true,"valueName":"search_term_string"}}],"inLanguage":"fr-FR"},{"@type":"Organization","@id":"https:\/\/asscoupdepouce.com\/#organization","name":"Association Coup de Pouce","url":"https:\/\/asscoupdepouce.com\/","logo":{"@type":"ImageObject","inLanguage":"fr-FR","@id":"https:\/\/asscoupdepouce.com\/#\/schema\/logo\/image\/","url":"https:\/\/asscoupdepouce.com\/wp-content\/uploads\/2021\/03\/Coup-de-pouce-logo-SITE.png","contentUrl":"https:\/\/asscoupdepouce.com\/wp-content\/uploads\/2021\/03\/Coup-de-pouce-logo-SITE.png","width":2200,"height":864,"caption":"Association Coup de Pouce"},"image":{"@id":"https:\/\/asscoupdepouce.com\/#\/schema\/logo\/image\/"},"sameAs":["https:\/\/fr-fr.facebook.com\/Association-Coup-de-Pouce-816767501818619\/"]},{"@type":"Person","@id":"https:\/\/asscoupdepouce.com\/#\/schema\/person\/50f5e6107202888c4540acf69babb08e","name":"asscoupdepouce","image":{"@type":"ImageObject","inLanguage":"fr-FR","@id":"https:\/\/secure.gravatar.com\/avatar\/bbcb968c18fce19c3905d5b2d8db351cb8cfbb4960e92a4dd9a6e203be97fde1?s=96&d=mm&r=g","url":"https:\/\/secure.gravatar.com\/avatar\/bbcb968c18fce19c3905d5b2d8db351cb8cfbb4960e92a4dd9a6e203be97fde1?s=96&d=mm&r=g","contentUrl":"https:\/\/secure.gravatar.com\/avatar\/bbcb968c18fce19c3905d5b2d8db351cb8cfbb4960e92a4dd9a6e203be97fde1?s=96&d=mm&r=g","caption":"asscoupdepouce"},"sameAs":["https:\/\/asscoupdepouce.com"]}]}},"_links":{"self":[{"href":"https:\/\/asscoupdepouce.com\/index.php\/wp-json\/wp\/v2\/posts\/967","targetHints":{"allow":["GET"]}}],"collection":[{"href":"https:\/\/asscoupdepouce.com\/index.php\/wp-json\/wp\/v2\/posts"}],"about":[{"href":"https:\/\/asscoupdepouce.com\/index.php\/wp-json\/wp\/v2\/types\/post"}],"author":[{"embeddable":true,"href":"https:\/\/asscoupdepouce.com\/index.php\/wp-json\/wp\/v2\/users\/1"}],"replies":[{"embeddable":true,"href":"https:\/\/asscoupdepouce.com\/index.php\/wp-json\/wp\/v2\/comments?post=967"}],"version-history":[{"count":1,"href":"https:\/\/asscoupdepouce.com\/index.php\/wp-json\/wp\/v2\/posts\/967\/revisions"}],"predecessor-version":[{"id":989,"href":"https:\/\/asscoupdepouce.com\/index.php\/wp-json\/wp\/v2\/posts\/967\/revisions\/989"}],"wp:featuredmedia":[{"embeddable":true,"href":"https:\/\/asscoupdepouce.com\/index.php\/wp-json\/wp\/v2\/media\/975"}],"wp:attachment":[{"href":"https:\/\/asscoupdepouce.com\/index.php\/wp-json\/wp\/v2\/media?parent=967"}],"wp:term":[{"taxonomy":"category","embeddable":true,"href":"https:\/\/asscoupdepouce.com\/index.php\/wp-json\/wp\/v2\/categories?post=967"},{"taxonomy":"post_tag","embeddable":true,"href":"https:\/\/asscoupdepouce.com\/index.php\/wp-json\/wp\/v2\/tags?post=967"}],"curies":[{"name":"wp","href":"https:\/\/api.w.org\/{rel}","templated":true}]}}